{"id":24734,"date":"2010-07-27T19:00:19","date_gmt":"2010-07-27T19:00:19","guid":{"rendered":"https:\/\/obscom.intervozes.org.br\/wordpress\/?p=24734"},"modified":"2010-07-27T19:00:19","modified_gmt":"2010-07-27T19:00:19","slug":"autores-de-tv-vao-debater-classificacao-com-governo","status":"publish","type":"post","link":"https:\/\/obscom.intervozes.org.br\/?p=24734","title":{"rendered":"Autores de TV v\u00e3o debater classifica\u00e7\u00e3o com governo"},"content":{"rendered":"<p>   \t \t \t \t \t<!-- \t\t@page { margin: 2cm } \t\tP { margin-bottom: 0.21cm } \t--> \t  <\/p>\n<p style=\"margin-bottom: 0cm\" class=\"padrao\">Composta por autores como Walcyr Carrasco, Silvio de Abreu e Maria Adelaide Amaral, a Associa&ccedil;&atilde;o de Roteiristas de TV, Cinema e Outras M&iacute;dias discute uma reuni&atilde;o com o Minist&eacute;rio da Justi&ccedil;a com o tema &quot;classifica&ccedil;&atilde;o indicativa obrigat&oacute;ria&quot;.<\/p>\n<p>Depois de dizer &agrave; coluna que considera &quot;censura&quot; a obrigatoriedade de classificar as obras, o autor Marc&iacute;lio Moraes (&quot;Ribeir&atilde;o do Tempo&quot;, no ar na Record) recebeu liga&ccedil;&atilde;o do secret&aacute;rio nacional de Justi&ccedil;a, Pedro Abramovay, para &quot;esclarecimentos&quot;.<\/p>\n<p>Moraes, que &eacute; presidente da associa&ccedil;&atilde;o de roteiristas, reafirmou a posi&ccedil;&atilde;o contr&aacute;ria &agrave; lei de classifica&ccedil;&atilde;o, mas quer organizar encontro de autores com o secret&aacute;rio.<\/p>\n<p>&quot;Sempre fomos contra. O argumento &eacute; b&aacute;sico: ningu&eacute;m tem mais interesse em n&atilde;o ferir o p&uacute;blico que n&oacute;s, autores. O poder do p&uacute;blico &eacute; fatal. Ele pode decidir desligar a televis&atilde;o&quot;, argumenta.<\/p>\n<p>H&aacute; uma semana, o autor de &quot;Ribeir&atilde;o do Tempo&quot; teve a novela reclassificada pelo minist&eacute;rio (&eacute; impr&oacute;pria para menores de 14 anos).<\/p>\n<p>J&aacute; Pedro Abramovay diz que a &quot;chiadeira precisa ser um debate mais claro&quot;.<\/p>\n<p>&quot;Qual &eacute; o problema? Os crit&eacute;rios? Os crit&eacute;rios n&atilde;o s&atilde;o fechados, vamos debat&ecirc;-los&quot;, disse o secret&aacute;rio nacional de Justi&ccedil;a.<\/p>\n","protected":false},"excerpt":{"rendered":"<p>Composta por autores como Walcyr Carrasco, Silvio de Abreu e Maria Adelaide Amaral, a Associa&ccedil;&atilde;o de Roteiristas de TV, Cinema e Outras M&iacute;dias discute uma reuni&atilde;o com o Minist&eacute;rio da Justi&ccedil;a com o tema &quot;classifica&ccedil;&atilde;o indicativa obrigat&oacute;ria&quot;. Depois de dizer &agrave; coluna que considera &quot;censura&quot; a obrigatoriedade de classificar as obras, o autor Marc&iacute;lio Moraes &hellip; <a href=\"https:\/\/obscom.intervozes.org.br\/?p=24734\" class=\"more-link\">Continue lendo <span class=\"screen-reader-text\">Autores de TV v\u00e3o debater classifica\u00e7\u00e3o com governo<\/span> <span class=\"meta-nav\">&rarr;<\/span><\/a><\/p>\n","protected":false},"author":1,"featured_media":0,"comment_status":"open","ping_status":"open","sticky":false,"template":"","format":"standard","meta":{"footnotes":""},"categories":[40],"tags":[111],"_links":{"self":[{"href":"https:\/\/obscom.intervozes.org.br\/index.php?rest_route=\/wp\/v2\/posts\/24734"}],"collection":[{"href":"https:\/\/obscom.intervozes.org.br\/index.php?rest_route=\/wp\/v2\/posts"}],"about":[{"href":"https:\/\/obscom.intervozes.org.br\/index.php?rest_route=\/wp\/v2\/types\/post"}],"author":[{"embeddable":true,"href":"https:\/\/obscom.intervozes.org.br\/index.php?rest_route=\/wp\/v2\/users\/1"}],"replies":[{"embeddable":true,"href":"https:\/\/obscom.intervozes.org.br\/index.php?rest_route=%2Fwp%2Fv2%2Fcomments&post=24734"}],"version-history":[{"count":0,"href":"https:\/\/obscom.intervozes.org.br\/index.php?rest_route=\/wp\/v2\/posts\/24734\/revisions"}],"wp:attachment":[{"href":"https:\/\/obscom.intervozes.org.br\/index.php?rest_route=%2Fwp%2Fv2%2Fmedia&parent=24734"}],"wp:term":[{"taxonomy":"category","embeddable":true,"href":"https:\/\/obscom.intervozes.org.br\/index.php?rest_route=%2Fwp%2Fv2%2Fcategories&post=24734"},{"taxonomy":"post_tag","embeddable":true,"href":"https:\/\/obscom.intervozes.org.br\/index.php?rest_route=%2Fwp%2Fv2%2Ftags&post=24734"}],"curies":[{"name":"wp","href":"https:\/\/api.w.org\/{rel}","templated":true}]}}