{"id":24732,"date":"2010-07-27T18:28:08","date_gmt":"2010-07-27T18:28:08","guid":{"rendered":"https:\/\/obscom.intervozes.org.br\/wordpress\/?p=24732"},"modified":"2010-07-27T18:28:08","modified_gmt":"2010-07-27T18:28:08","slug":"eleicao-para-a-direcao-da-fenaj-comeca-nesta-terca-feira","status":"publish","type":"post","link":"https:\/\/obscom.intervozes.org.br\/?p=24732","title":{"rendered":"Elei\u00e7\u00e3o para a dire\u00e7\u00e3o da Fenaj come\u00e7a nesta ter\u00e7a-feira"},"content":{"rendered":"<p>   \t \t \t \t \t<!-- \t\t@page { margin: 2cm } \t\tP { margin-bottom: 0.21cm } \t--> \t  <\/p>\n<p style=\"margin-bottom: 0cm\" class=\"padrao\"><strong>Reproduzido do Comunique-se <\/strong><\/p>\n<p>Entre os dias 27 e 29\/07, jornalistas de todo o Pa&iacute;s escolher&atilde;o seus representantes para Federa&ccedil;&atilde;o Nacional dos Jornalistas, a Fenaj. Duas chapas disputam o pleito: &ldquo;Virar o jogo: em defesa do Jornalismo e do Jornalista&rdquo;, encabe&ccedil;ada por Celso Schr&ouml;der; e &ldquo;Luta Fenaj&rdquo;, liderada Pedro Pomar.<\/p>\n<p>Schr&ouml;der, atual vice-presidente da entidade, destacou a import&acirc;ncia que a Fenaj tem no pa&iacute;s, trabalhando em conjunto com comiss&otilde;es e sindicatos estaduais. O candidato lembrou da import&acirc;ncia da elei&ccedil;&atilde;o para o fortalecimento da profiss&atilde;o, por se tratar de voto direto para a escolha da nova dire&ccedil;&atilde;o da entidade.<\/p>\n<p>&quot;Nossa proposta &eacute; continuar a luta pelos direitos dos jornalistas, sempre trabalhando e representando a &eacute;tica da profiss&atilde;o&quot;, declarou Schr&ouml;der.<\/p>\n<p>Pomar, candidato da oposi&ccedil;&atilde;o, afirmou que a chapa de Schr&ouml;der representa a continuidade da atual dire&ccedil;&atilde;o, que foi marcada por &quot;muitos erros&quot; ao n&atilde;o batalhar para defender alguns direitos dos jornalistas, como o cumprimento da jornada de trabalho.<\/p>\n<p>&quot;Infelizmente a profiss&atilde;o convive com muitos problemas. Ass&eacute;dio moral, precariza&ccedil;&atilde;o dos sal&aacute;rios e pejotiza&ccedil;&atilde;o (contratos como pessoa jur&iacute;dica, sem direitos trabalhistas). Espero que os colegas de profiss&atilde;o optem pela mudan&ccedil;a&quot;, afirma Pomar.<\/p>\n<p>A elei&ccedil;&atilde;o da Fenaj &eacute; por voto direto. Podem participar os jornalistas sindicalizados em dia com as responsabilidades sindicais. Segundo previs&atilde;o da Fenaj, cerca de 12 mil jornalistas devem votar. No pleito, tamb&eacute;m ser&atilde;o escolhidos os novos nomes para a Comiss&atilde;o Nacional de &Eacute;tica da entidade. <em>(Anderson Scardoelli)<\/em><\/p>\n","protected":false},"excerpt":{"rendered":"<p>Reproduzido do Comunique-se Entre os dias 27 e 29\/07, jornalistas de todo o Pa&iacute;s escolher&atilde;o seus representantes para Federa&ccedil;&atilde;o Nacional dos Jornalistas, a Fenaj. Duas chapas disputam o pleito: &ldquo;Virar o jogo: em defesa do Jornalismo e do Jornalista&rdquo;, encabe&ccedil;ada por Celso Schr&ouml;der; e &ldquo;Luta Fenaj&rdquo;, liderada Pedro Pomar. Schr&ouml;der, atual vice-presidente da entidade, destacou &hellip; <a href=\"https:\/\/obscom.intervozes.org.br\/?p=24732\" class=\"more-link\">Continue lendo <span class=\"screen-reader-text\">Elei\u00e7\u00e3o para a dire\u00e7\u00e3o da Fenaj come\u00e7a nesta ter\u00e7a-feira<\/span> <span class=\"meta-nav\">&rarr;<\/span><\/a><\/p>\n","protected":false},"author":1,"featured_media":0,"comment_status":"open","ping_status":"open","sticky":false,"template":"","format":"standard","meta":{"footnotes":""},"categories":[39],"tags":[],"_links":{"self":[{"href":"https:\/\/obscom.intervozes.org.br\/index.php?rest_route=\/wp\/v2\/posts\/24732"}],"collection":[{"href":"https:\/\/obscom.intervozes.org.br\/index.php?rest_route=\/wp\/v2\/posts"}],"about":[{"href":"https:\/\/obscom.intervozes.org.br\/index.php?rest_route=\/wp\/v2\/types\/post"}],"author":[{"embeddable":true,"href":"https:\/\/obscom.intervozes.org.br\/index.php?rest_route=\/wp\/v2\/users\/1"}],"replies":[{"embeddable":true,"href":"https:\/\/obscom.intervozes.org.br\/index.php?rest_route=%2Fwp%2Fv2%2Fcomments&post=24732"}],"version-history":[{"count":0,"href":"https:\/\/obscom.intervozes.org.br\/index.php?rest_route=\/wp\/v2\/posts\/24732\/revisions"}],"wp:attachment":[{"href":"https:\/\/obscom.intervozes.org.br\/index.php?rest_route=%2Fwp%2Fv2%2Fmedia&parent=24732"}],"wp:term":[{"taxonomy":"category","embeddable":true,"href":"https:\/\/obscom.intervozes.org.br\/index.php?rest_route=%2Fwp%2Fv2%2Fcategories&post=24732"},{"taxonomy":"post_tag","embeddable":true,"href":"https:\/\/obscom.intervozes.org.br\/index.php?rest_route=%2Fwp%2Fv2%2Ftags&post=24732"}],"curies":[{"name":"wp","href":"https:\/\/api.w.org\/{rel}","templated":true}]}}