{"id":24721,"date":"2010-07-26T17:33:49","date_gmt":"2010-07-26T17:33:49","guid":{"rendered":"https:\/\/obscom.intervozes.org.br\/wordpress\/?p=24721"},"modified":"2010-07-26T17:33:49","modified_gmt":"2010-07-26T17:33:49","slug":"justica-do-maranhao-determina-retirada-de-materia-de-blog","status":"publish","type":"post","link":"https:\/\/obscom.intervozes.org.br\/?p=24721","title":{"rendered":"Justi\u00e7a do Maranh\u00e3o determina retirada de mat\u00e9ria de blog"},"content":{"rendered":"<p>   \t \t \t \t \t<!-- \t\t@page { margin: 2cm } \t\tP { margin-bottom: 0.21cm } \t--> \t  <\/p>\n<p style=\"margin-bottom: 0cm\" class=\"padrao\">O jornalista Itevaldo Junior foi obrigado a retirar de seu blog a mat&eacute;ria intitulada &ldquo;Juiz Nemias Carvalho: Noutra pol&ecirc;mica&rdquo;, que falava sobre a compra de uma fazendo pelo magistrado. A decis&atilde;o, da Justi&ccedil;a maranhense, tamb&eacute;m impede que o blog fa&ccedil;a qualquer refer&ecirc;ncia ao nome do juiz sob pena de multa di&aacute;ria de R$ 500.<\/p>\n<p>&ldquo;Houve um cerceamento ao meu trabalho. &Eacute; uma intimida&ccedil;&atilde;o, n&atilde;o s&oacute; a mim, como aos jornalistas que exp&otilde;em os esquemas de corrup&ccedil;&atilde;o e fraudes no estado&rdquo;, afirma Itevaldo.<\/p>\n<p>Na liminar, o juiz Alexandre Lopes de Abreu, da 6&ordf; Vara C&iacute;vel, ressalta que a &ldquo;liberdade de manifesta&ccedil;&atilde;o &eacute; garantia constitucional que s&oacute; encontra limites quando passa a violar bem maior, como a dignidade da pessoa atacada pelo ve&iacute;culo de comunica&ccedil;&atilde;o&rdquo;.<\/p>\n<p>&ldquo;Em 15 anos de profiss&atilde;o foi a primeira que fui censurado e tamb&eacute;m alvo de uma a&ccedil;&atilde;o judicial. Fiquei surpreso e indignado&rdquo;, diz Itevaldo.<\/p>\n<p>A mat&eacute;ria em quest&atilde;o afirma que Carvalho comprou uma fazenda de uma pessoa que teve pris&atilde;o revogada por ele. &ldquo;Com todas as provas documentais referentes&rdquo;, acrescenta o jornalista.<\/p>\n<p>O advogado Saulo Jos&eacute; Portela Nunes Carvalho, que representa o juiz, nega a censura. &ldquo;Quem &eacute; rep&oacute;rter deve investigar antes de publicar qualquer coisa&rdquo;.<\/p>\n<p>A Associa&ccedil;&atilde;o Maranhense de Imprensa (AMI) divulgou comunicado em solidariedade ao jornalista e repudiando a decis&atilde;o que &ldquo;fere a democracia e &eacute; uma clara tentativa de intimida&ccedil;&atilde;o contra jornalistas no exerc&iacute;cio da profiss&atilde;o&rdquo;.<\/p>\n<p>&ldquo;A AMI repudia qualquer tipo de censura e acredita o que o jornalismo &eacute; tamb&eacute;m um instrumento de fiscaliza&ccedil;&atilde;o da sociedade. Consideramos que os princ&iacute;pios da liberdade de express&atilde;o e da transpar&ecirc;ncia p&uacute;blica &#8211; fundamentais no estado democr&aacute;tico &#8211; foram seriamente atingidos com tal decis&atilde;o&rdquo;, diz a nota.<\/p>\n","protected":false},"excerpt":{"rendered":"<p>O jornalista Itevaldo Junior foi obrigado a retirar de seu blog a mat&eacute;ria intitulada &ldquo;Juiz Nemias Carvalho: Noutra pol&ecirc;mica&rdquo;, que falava sobre a compra de uma fazendo pelo magistrado. A decis&atilde;o, da Justi&ccedil;a maranhense, tamb&eacute;m impede que o blog fa&ccedil;a qualquer refer&ecirc;ncia ao nome do juiz sob pena de multa di&aacute;ria de R$ 500. &ldquo;Houve &hellip; <a href=\"https:\/\/obscom.intervozes.org.br\/?p=24721\" class=\"more-link\">Continue lendo <span class=\"screen-reader-text\">Justi\u00e7a do Maranh\u00e3o determina retirada de mat\u00e9ria de blog<\/span> <span class=\"meta-nav\">&rarr;<\/span><\/a><\/p>\n","protected":false},"author":1,"featured_media":0,"comment_status":"open","ping_status":"open","sticky":false,"template":"","format":"standard","meta":{"footnotes":""},"categories":[40],"tags":[1373],"_links":{"self":[{"href":"https:\/\/obscom.intervozes.org.br\/index.php?rest_route=\/wp\/v2\/posts\/24721"}],"collection":[{"href":"https:\/\/obscom.intervozes.org.br\/index.php?rest_route=\/wp\/v2\/posts"}],"about":[{"href":"https:\/\/obscom.intervozes.org.br\/index.php?rest_route=\/wp\/v2\/types\/post"}],"author":[{"embeddable":true,"href":"https:\/\/obscom.intervozes.org.br\/index.php?rest_route=\/wp\/v2\/users\/1"}],"replies":[{"embeddable":true,"href":"https:\/\/obscom.intervozes.org.br\/index.php?rest_route=%2Fwp%2Fv2%2Fcomments&post=24721"}],"version-history":[{"count":0,"href":"https:\/\/obscom.intervozes.org.br\/index.php?rest_route=\/wp\/v2\/posts\/24721\/revisions"}],"wp:attachment":[{"href":"https:\/\/obscom.intervozes.org.br\/index.php?rest_route=%2Fwp%2Fv2%2Fmedia&parent=24721"}],"wp:term":[{"taxonomy":"category","embeddable":true,"href":"https:\/\/obscom.intervozes.org.br\/index.php?rest_route=%2Fwp%2Fv2%2Fcategories&post=24721"},{"taxonomy":"post_tag","embeddable":true,"href":"https:\/\/obscom.intervozes.org.br\/index.php?rest_route=%2Fwp%2Fv2%2Ftags&post=24721"}],"curies":[{"name":"wp","href":"https:\/\/api.w.org\/{rel}","templated":true}]}}