{"id":24717,"date":"2010-07-23T19:06:33","date_gmt":"2010-07-23T19:06:33","guid":{"rendered":"https:\/\/obscom.intervozes.org.br\/wordpress\/?p=24717"},"modified":"2014-09-07T03:00:33","modified_gmt":"2014-09-07T03:00:33","slug":"precos-e-desinformacao-desestimulam-compra-de-tv-digital","status":"publish","type":"post","link":"https:\/\/obscom.intervozes.org.br\/?p=24717","title":{"rendered":"Pre\u00e7os e desinforma\u00e7\u00e3o desestimulam compra de TV digital"},"content":{"rendered":"<p>   \t \t \t \t \t<!-- \t\t@page { margin: 2cm } \t\tP { margin-bottom: 0.21cm } \t--> \t  <\/p>\n<p style=\"margin-bottom: 0cm\" class=\"padrao\">{mosimage}Em uma r&aacute;pida conversa com consumidores em um shopping center &eacute; poss&iacute;vel perceber que a TV digital ainda n&atilde;o est&aacute; &ldquo;na boca do povo&rdquo;. Apesar de televisores imensos com alta qualidade de imagens terem ganhado ares de &ldquo;sonho de consumo&rdquo; em pe&ccedil;as de publicidade e nas pr&oacute;prias lojas, muitas pessoas ainda n&atilde;o se sentem estimuladas o bastante para fazer este gasto. A desinforma&ccedil;&atilde;o, a falta de novidades em rela&ccedil;&atilde;o &agrave; TV anal&oacute;gica e os pre&ccedil;os elevados dos aparelhos parecem ser os principais motivos para este desinteresse. <\/p>\n<p>A servidora p&uacute;blica D&eacute;bora de Oliveira Lira, por exemplo, comprou uma TV de LCD h&aacute; tr&ecirc;s anos e n&atilde;o v&ecirc; motivos para trocar seu televisor por um novo. Por isso, ela espera que chegue &agrave;s lojas os conversores externos, op&ccedil;&atilde;o mais barata em rela&ccedil;&atilde;o a uma nova TV com o receptor digital. Ela acredita que a procura pela nova tecnologia tem sido baixa porque, al&eacute;m dos altos pre&ccedil;os dos televisores, as pessoas ainda n&atilde;o compreendem a diferen&ccedil;a da tecnologia digital para a televis&atilde;o anal&oacute;gica. &ldquo;A imagem melhora, mas a gente n&atilde;o se sente estimulado&rdquo;, diz. <\/p>\n<p>Quando da cria&ccedil;&atilde;o do Sistema Brasileiro de TV Digital, em 2006, o governo brasileiro estipulou &ndash; e reafirmou esta semana &ndash; que as emissoras devem desligar suas transmiss&otilde;es anal&oacute;gicas em 2016. Para a servidora p&uacute;blica, as pessoas s&oacute; v&atilde;o come&ccedil;ar a se interessar de fato pela TV digital quando esse prazo estiver pr&oacute;ximo. &Eacute; o que D&eacute;bora prev&ecirc; que acontecer&aacute; com ela mesma, j&aacute; que considera a imagem de sua atual TV suficientemente boa.<\/p>\n<p>Mas mesmo quem quer melhorar a qualidade da imagem decide adiar a troca devido ao pre&ccedil;o da nova tecnologia. &ldquo;Tenho interesse. A imagem &eacute; bem mais n&iacute;tida&rdquo;, afirma a cabeleireira Leda M&aacute;rcia. No entanto, ela ainda n&atilde;o teve condi&ccedil;&otilde;es de comprar um televisor com conversor, que sai por volta de R$ 2 mil nas vers&otilde;es mais simples. <\/p>\n<p>Al&eacute;m disso, tanto D&eacute;bora quanto Leda n&atilde;o sabem muito bem quais seriam as novidades da TV digital. E elas est&atilde;o longe de serem casos isolados. At&eacute; mesmo quem j&aacute; comprou uma televis&atilde;o com conversor n&atilde;o est&aacute; entendendo bem as diferen&ccedil;as da nova tecnologia. &ldquo;&Eacute; a moda&rdquo;, diz o motorista S&eacute;rgio da Silva, que se motivou a pagar R$ 3.700 pela nova TV por causa da Copa do Mundo. <\/p>\n<p>Gerente de uma loja de departamentos situada em um shopping de Bras&iacute;lia, Neide Ribeiro tem percebido a desinforma&ccedil;&atilde;o das pessoas em rela&ccedil;&atilde;o ao funcionamento da TV digital. Ela diz, por exemplo, que muita gente interessada em comprar um televisor com conversor mora em cidades aonde o sinal digital ainda nem chegou. <\/p>\n<p>No dia a dia da loja, Neide tamb&eacute;m tem visto que a procura tem sido maior por televis&otilde;es com conversor embutido. S&atilde;o poucas as pessoas, por exemplo, que aproveitam a baixa dos pre&ccedil;os das televis&otilde;es de LCD anal&oacute;gicas, pensando em adquirir um conversor externo depois. A diferen&ccedil;a de pre&ccedil;o entre os dois televisores, com e sem conversor, chega a R$ 800,00 em sua loja.<\/p>\n<p>Na loja onde Neide trabalha, n&atilde;o existem conversores externos &agrave; venda. A gerente explica que isso aconteceu porque os que foram comercializados anteriormente apresentaram problemas t&eacute;cnicos. Os aparelhos n&atilde;o estavam lendo corretamente o sinal digital nos televisores de LCD, gerando muitas reclama&ccedil;&otilde;es dos compradores.<\/p>\n<p><strong>LEIA TAMB&Eacute;M:<\/strong><\/p>\n<ul>\n<li><a href=\"http:\/\/localhost\/intervozes_direitoacomunicacao\/wordpress\/?p=24708\">No Brasil, TV digital ainda &eacute; para poucos<\/a><\/li>\n<li><a href=\"http:\/\/localhost\/intervozes_direitoacomunicacao\/wordpress\/?p=24716\">Promessa da TV digital, interatividade ainda engatinha<\/a><\/li>\n<li><a href=\"http:\/\/localhost\/intervozes_direitoacomunicacao\/wordpress\/?p=24718\">TV digital m&oacute;vel demorar&aacute; alguns anos para ser popular<\/a><\/li>\n<\/ul>\n","protected":false},"excerpt":{"rendered":"<p>Consumidores dizem que n&atilde;o v&ecirc;em vantagens suficientes para fazer um investimento de cerca de R$ 2 mil em novos aparelhos<\/p>\n","protected":false},"author":1,"featured_media":0,"comment_status":"open","ping_status":"open","sticky":false,"template":"","format":"standard","meta":{"footnotes":""},"categories":[40],"tags":[1372],"_links":{"self":[{"href":"https:\/\/obscom.intervozes.org.br\/index.php?rest_route=\/wp\/v2\/posts\/24717"}],"collection":[{"href":"https:\/\/obscom.intervozes.org.br\/index.php?rest_route=\/wp\/v2\/posts"}],"about":[{"href":"https:\/\/obscom.intervozes.org.br\/index.php?rest_route=\/wp\/v2\/types\/post"}],"author":[{"embeddable":true,"href":"https:\/\/obscom.intervozes.org.br\/index.php?rest_route=\/wp\/v2\/users\/1"}],"replies":[{"embeddable":true,"href":"https:\/\/obscom.intervozes.org.br\/index.php?rest_route=%2Fwp%2Fv2%2Fcomments&post=24717"}],"version-history":[{"count":3,"href":"https:\/\/obscom.intervozes.org.br\/index.php?rest_route=\/wp\/v2\/posts\/24717\/revisions"}],"predecessor-version":[{"id":28154,"href":"https:\/\/obscom.intervozes.org.br\/index.php?rest_route=\/wp\/v2\/posts\/24717\/revisions\/28154"}],"wp:attachment":[{"href":"https:\/\/obscom.intervozes.org.br\/index.php?rest_route=%2Fwp%2Fv2%2Fmedia&parent=24717"}],"wp:term":[{"taxonomy":"category","embeddable":true,"href":"https:\/\/obscom.intervozes.org.br\/index.php?rest_route=%2Fwp%2Fv2%2Fcategories&post=24717"},{"taxonomy":"post_tag","embeddable":true,"href":"https:\/\/obscom.intervozes.org.br\/index.php?rest_route=%2Fwp%2Fv2%2Ftags&post=24717"}],"curies":[{"name":"wp","href":"https:\/\/api.w.org\/{rel}","templated":true}]}}