{"id":24715,"date":"2010-07-22T16:54:02","date_gmt":"2010-07-22T16:54:02","guid":{"rendered":"https:\/\/obscom.intervozes.org.br\/wordpress\/?p=24715"},"modified":"2010-07-22T16:54:02","modified_gmt":"2010-07-22T16:54:02","slug":"grupo-de-trabalho-do-novo-marco-das-comunicacoes-sai-nos-proximos-dias","status":"publish","type":"post","link":"https:\/\/obscom.intervozes.org.br\/?p=24715","title":{"rendered":"Grupo de trabalho do novo marco das comunica\u00e7\u00f5es sai nos pr\u00f3ximos dias"},"content":{"rendered":"<p>   \t \t \t \t \t<!-- \t\t@page { margin: 2cm } \t\tP { margin-bottom: 0.21cm } \t--> \t  <\/p>\n<p style=\"margin-bottom: 0cm\" class=\"padrao\">O presidente Lula deve publicar at&eacute; o final desta semana o decreto criando o grupo de trabalho que desenvolver&aacute; um anteprojeto de marco regulat&oacute;rio para as comunica&ccedil;&otilde;es. O trabalho, a ser coordenado pela Secretaria de Comunica&ccedil;&atilde;o Social da Presid&ecirc;ncia, &eacute; parte do conjunto de a&ccedil;&otilde;es p&oacute;s-Confer&ecirc;ncia Nacional de Comunica&ccedil;&atilde;o (Confecom), e pretende deixar uma proposta de legisla&ccedil;&atilde;o a ser encaminhada pelo pr&oacute;ximo governo ao Congresso.<\/p>\n<p>O escopo e a amplitude da nova legisla&ccedil;&atilde;o ser&atilde;o definidos pelo grupo de trabalho, mas algumas coisas s&atilde;o tidas como certas: a primeira &eacute; que o marco regulat&oacute;rio da radiodifus&atilde;o e das telecomunica&ccedil;&otilde;es est&aacute; completamente defasado. Outra certeza &eacute; que a nova proposta trar&aacute;, portanto, um marco regulat&oacute;rio convergente, que d&ecirc; conta dos problemas enfrentados pelas empresas de radiodifus&atilde;o, pelas empresas de telecomunica&ccedil;&otilde;es e Internet e pela sociedade civil n&atilde;o-empresarial em fun&ccedil;&atilde;o da converg&ecirc;ncia tecnol&oacute;gica e dos meios digitais. Estes desafios, enumerados nos debates da Confecom, ser&atilde;o abordados de forma mais sistematizada no anteprojeto. Outra quest&atilde;o que deve voltar &agrave; tona &eacute; sobre a amplia&ccedil;&atilde;o da atua&ccedil;&atilde;o regulat&oacute;ria da Anatel, que poderia abarcar a radiodifus&atilde;o, justamente por conta da converg&ecirc;ncia de servi&ccedil;os e do gerenciamento do espectro. Hoje, a radiodifus&atilde;o &eacute; regulada pelo Minist&eacute;rio das Comunica&ccedil;&otilde;es.<\/p>\n<p>O governo avalia que o PLC 116\/2010 (antigo PL 29\/2007), que est&aacute; em tramita&ccedil;&atilde;o no Senado e cria novas regras para o setor de TV por assinatura, &eacute; limitado a problemas pontuais, e n&atilde;o d&aacute; conta do conjunto de temas tratados na Confecom.<\/p>\n<p>O grupo de trabalho dever&aacute; ainda produzir mais dois anteprojetos. Um deles visa disciplinar uma pol&iacute;tica para as TVs p&uacute;blicas de modo geral, j&aacute; que a lei existente hoje vale apenas para a EBC. O outro anteprojeto &eacute; para regulamentar o artigo 221 da Constitui&ccedil;&atilde;o, que trata da produ&ccedil;&atilde;o regional e local. O grupo de trabalho avaliar&aacute; se esse assunto dever&aacute; ser abordado dentro do marco legal das comunica&ccedil;&otilde;es, se ser&aacute; aproveitado o projeto da ex-deputada Jandira Feghali que tramita desde 1991, j&aacute; foi aprovado na C&acirc;mara e est&aacute; engavetado no Senado, ou se ser&aacute; proposto algo novo.<\/p>\n<p>Na avalia&ccedil;&atilde;o do governo, quest&otilde;es espec&iacute;ficas sobre pol&iacute;ticas de massifica&ccedil;&atilde;o da banda larga j&aacute; est&atilde;o bem tratadas no PNBL e n&atilde;o precisar&atilde;o ser tratadas nos anteprojetos de lei. Da mesma forma, quest&otilde;es de direito autoral j&aacute; s&atilde;o objetos de projetos de lei elaborados, assim como o marco civil da Internet.<\/p>\n","protected":false},"excerpt":{"rendered":"<p>O presidente Lula deve publicar at&eacute; o final desta semana o decreto criando o grupo de trabalho que desenvolver&aacute; um anteprojeto de marco regulat&oacute;rio para as comunica&ccedil;&otilde;es. O trabalho, a ser coordenado pela Secretaria de Comunica&ccedil;&atilde;o Social da Presid&ecirc;ncia, &eacute; parte do conjunto de a&ccedil;&otilde;es p&oacute;s-Confer&ecirc;ncia Nacional de Comunica&ccedil;&atilde;o (Confecom), e pretende deixar uma proposta &hellip; <a href=\"https:\/\/obscom.intervozes.org.br\/?p=24715\" class=\"more-link\">Continue lendo <span class=\"screen-reader-text\">Grupo de trabalho do novo marco das comunica\u00e7\u00f5es sai nos pr\u00f3ximos dias<\/span> <span class=\"meta-nav\">&rarr;<\/span><\/a><\/p>\n","protected":false},"author":1,"featured_media":0,"comment_status":"open","ping_status":"open","sticky":false,"template":"","format":"standard","meta":{"footnotes":""},"categories":[40],"tags":[1217],"_links":{"self":[{"href":"https:\/\/obscom.intervozes.org.br\/index.php?rest_route=\/wp\/v2\/posts\/24715"}],"collection":[{"href":"https:\/\/obscom.intervozes.org.br\/index.php?rest_route=\/wp\/v2\/posts"}],"about":[{"href":"https:\/\/obscom.intervozes.org.br\/index.php?rest_route=\/wp\/v2\/types\/post"}],"author":[{"embeddable":true,"href":"https:\/\/obscom.intervozes.org.br\/index.php?rest_route=\/wp\/v2\/users\/1"}],"replies":[{"embeddable":true,"href":"https:\/\/obscom.intervozes.org.br\/index.php?rest_route=%2Fwp%2Fv2%2Fcomments&post=24715"}],"version-history":[{"count":0,"href":"https:\/\/obscom.intervozes.org.br\/index.php?rest_route=\/wp\/v2\/posts\/24715\/revisions"}],"wp:attachment":[{"href":"https:\/\/obscom.intervozes.org.br\/index.php?rest_route=%2Fwp%2Fv2%2Fmedia&parent=24715"}],"wp:term":[{"taxonomy":"category","embeddable":true,"href":"https:\/\/obscom.intervozes.org.br\/index.php?rest_route=%2Fwp%2Fv2%2Fcategories&post=24715"},{"taxonomy":"post_tag","embeddable":true,"href":"https:\/\/obscom.intervozes.org.br\/index.php?rest_route=%2Fwp%2Fv2%2Ftags&post=24715"}],"curies":[{"name":"wp","href":"https:\/\/api.w.org\/{rel}","templated":true}]}}