{"id":24706,"date":"2010-07-19T16:15:24","date_gmt":"2010-07-19T16:15:24","guid":{"rendered":"https:\/\/obscom.intervozes.org.br\/wordpress\/?p=24706"},"modified":"2010-07-19T16:15:24","modified_gmt":"2010-07-19T16:15:24","slug":"defensoria-publica-denuncia-datena-por-discriminacao-a-travestis","status":"publish","type":"post","link":"https:\/\/obscom.intervozes.org.br\/?p=24706","title":{"rendered":"Defensoria P\u00fablica denuncia Datena por discrimina\u00e7\u00e3o a travestis"},"content":{"rendered":"<p>   \t \t \t \t \t<!-- \t\t@page { margin: 2cm } \t\tP { margin-bottom: 0.21cm } \t--> \t  <\/p>\n<p style=\"margin-bottom: 0cm\" class=\"padrao\"><strong>Reproduzido do Comunique-se <\/strong><\/p>\n<p>O apresentador Jos&eacute; Luiz Datena pode ser multado em at&eacute; R$ 48 mil por &quot;pr&aacute;tica discriminat&oacute;ria contra travestis&quot;. A den&uacute;ncia foi feita pela Defensoria P&uacute;blica de S&atilde;o Paulo, que alega que o apresentador usou termos pejorativos para se referir a um travesti.<\/p>\n<p>Datena exibiu no &ldquo;Brasil Urgente&rdquo; da Band, no dia 30\/04, uma briga envolvendo um transexual, que chegou a empurrar o c&acirc;mera do programa. Na narra&ccedil;&atilde;o da reportagem, o apresentador se referiu ao agressor como &quot;isso &eacute; um travec&atilde;o safado&quot; e &quot;travec&atilde;o butinudo do caramba&quot;.<\/p>\n<p>Datena se defendeu, e negou ser &ldquo;homof&oacute;bico&quot;. &quot;Eu me referi &agrave; agress&atilde;o ao cinegrafista. N&atilde;o &eacute; porque o cara &eacute; travesti que pode agredir outra pessoa. E me defenderei nos termos da lei&quot;, afirmou, em entrevista &agrave; Folha de S. Paulo.<\/p>\n<p>A assessoria de imprensa da Band informou que a empresa ainda n&atilde;o recebeu nenhum documento formal sobre a den&uacute;ncia e por isso n&atilde;o ir&aacute; se manifestar no momento.<\/p>\n<p><em>*com informa&ccedil;&otilde;es da Folha de S. Paulo.<\/em><\/p>\n","protected":false},"excerpt":{"rendered":"<p>Reproduzido do Comunique-se O apresentador Jos&eacute; Luiz Datena pode ser multado em at&eacute; R$ 48 mil por &quot;pr&aacute;tica discriminat&oacute;ria contra travestis&quot;. A den&uacute;ncia foi feita pela Defensoria P&uacute;blica de S&atilde;o Paulo, que alega que o apresentador usou termos pejorativos para se referir a um travesti. Datena exibiu no &ldquo;Brasil Urgente&rdquo; da Band, no dia 30\/04, &hellip; <a href=\"https:\/\/obscom.intervozes.org.br\/?p=24706\" class=\"more-link\">Continue lendo <span class=\"screen-reader-text\">Defensoria P\u00fablica denuncia Datena por discrimina\u00e7\u00e3o a travestis<\/span> <span class=\"meta-nav\">&rarr;<\/span><\/a><\/p>\n","protected":false},"author":1,"featured_media":0,"comment_status":"open","ping_status":"open","sticky":false,"template":"","format":"standard","meta":{"footnotes":""},"categories":[39],"tags":[],"_links":{"self":[{"href":"https:\/\/obscom.intervozes.org.br\/index.php?rest_route=\/wp\/v2\/posts\/24706"}],"collection":[{"href":"https:\/\/obscom.intervozes.org.br\/index.php?rest_route=\/wp\/v2\/posts"}],"about":[{"href":"https:\/\/obscom.intervozes.org.br\/index.php?rest_route=\/wp\/v2\/types\/post"}],"author":[{"embeddable":true,"href":"https:\/\/obscom.intervozes.org.br\/index.php?rest_route=\/wp\/v2\/users\/1"}],"replies":[{"embeddable":true,"href":"https:\/\/obscom.intervozes.org.br\/index.php?rest_route=%2Fwp%2Fv2%2Fcomments&post=24706"}],"version-history":[{"count":0,"href":"https:\/\/obscom.intervozes.org.br\/index.php?rest_route=\/wp\/v2\/posts\/24706\/revisions"}],"wp:attachment":[{"href":"https:\/\/obscom.intervozes.org.br\/index.php?rest_route=%2Fwp%2Fv2%2Fmedia&parent=24706"}],"wp:term":[{"taxonomy":"category","embeddable":true,"href":"https:\/\/obscom.intervozes.org.br\/index.php?rest_route=%2Fwp%2Fv2%2Fcategories&post=24706"},{"taxonomy":"post_tag","embeddable":true,"href":"https:\/\/obscom.intervozes.org.br\/index.php?rest_route=%2Fwp%2Fv2%2Ftags&post=24706"}],"curies":[{"name":"wp","href":"https:\/\/api.w.org\/{rel}","templated":true}]}}