{"id":24701,"date":"2010-07-19T15:55:21","date_gmt":"2010-07-19T15:55:21","guid":{"rendered":"https:\/\/obscom.intervozes.org.br\/wordpress\/?p=24701"},"modified":"2010-07-19T15:55:21","modified_gmt":"2010-07-19T15:55:21","slug":"minc-apoia-instalacao-de-285-novas-salas-nao-comerciais-de-cinema","status":"publish","type":"post","link":"https:\/\/obscom.intervozes.org.br\/?p=24701","title":{"rendered":"MinC apoia instala\u00e7\u00e3o de 285 novas salas n\u00e3o comerciais de cinema"},"content":{"rendered":"<p>   \t \t \t \t \t<!-- \t\t@page { margin: 2cm } \t\tP { margin-bottom: 0.21cm } \t--> \t  <\/p>\n<p style=\"margin-bottom: 0cm\" class=\"padrao\">O Minist&eacute;rio da Cultura vai implantar 285 salas n&atilde;o comerciais de exibi&ccedil;&atilde;o de filmes, por meio de editais do Cine Mais Cultura abertos atualmente em cinco estados (Maranh&atilde;o, Para&iacute;ba, Piau&iacute;, Sergipe e Bahia) e em nove munic&iacute;pios do Rio Grande do Sul, Bahia, Para&iacute;ba, Cear&aacute; e Rio de Janeiro. Ao todo, s&atilde;o mais de R$ 4, 2 milh&otilde;es investidos pelo MinC em parceria com os governos estaduais e municipais.<\/p>\n<p>O Cine Mais Cultura &eacute; uma das a&ccedil;&otilde;es que fazem parte do Programa Mais Cultura e apoia a implanta&ccedil;&atilde;o de salas gratuitas de exibi&ccedil;&atilde;o audiovisual em todo pa&iacute;s. As comunidades de periferias dos centros urbanos, pequenos munic&iacute;pios e &aacute;reas rurais que disp&otilde;em de poucos ou de nenhum equipamento cultural s&atilde;o os maiores favorecidos. O objetivo &eacute; promover o acesso ao cinema e estimular a difus&atilde;o da cinematografia nacional.<\/p>\n<p>Os projetos selecionados recebem equipamentos de proje&ccedil;&atilde;o digital e centenas de t&iacute;tulos (curtas, m&eacute;dias e longas metragens, document&aacute;rios e anima&ccedil;&otilde;es) do cat&aacute;logo da Programadora Brasil, al&eacute;m de oficinas de capacita&ccedil;&atilde;o cineclubista. Os interessados disponibilizam o local onde ser&atilde;o instalados os equipamentos, planejam a programa&ccedil;&atilde;o e promovem debates em torno dos filmes exibidos.<\/p>\n<p><strong>Quem pode concorrer<\/strong><\/p>\n<p>Qualquer entidade privada sem fins lucrativos pode concorrer aos editais estaduais e municipais do Cine Mais Cultura, desde que localizadas nos munic&iacute;pios onde ser&atilde;o realizadas as sess&otilde;es. S&atilde;o as associa&ccedil;&otilde;es de moradores, ONGs, bibliotecas comunit&aacute;rias, Pontos de Cultura, cineclubes, escolas, cooperativas, sindicatos, condom&iacute;nios e todos que queiram ou j&aacute; desenvolvam a&ccedil;&otilde;es de exibi&ccedil;&otilde;es de obras audiovisuais e de forma&ccedil;&atilde;o de p&uacute;blico.<\/p>\n<p><a href=\"http:\/\/www.cultura.gov.br\/site\/wp-content\/uploads\/2010\/07\/tabela.jpg\" target=\"_blank\">Confira no quadro <\/a> os editais de Cines Mais Cultura abertos e os prazos de inscri&ccedil;&otilde;es. Mais informa&ccedil;&otilde;es: (61) 2024-2325 \/ 2345.<\/p>\n","protected":false},"excerpt":{"rendered":"<p>O Minist&eacute;rio da Cultura vai implantar 285 salas n&atilde;o comerciais de exibi&ccedil;&atilde;o de filmes, por meio de editais do Cine Mais Cultura abertos atualmente em cinco estados (Maranh&atilde;o, Para&iacute;ba, Piau&iacute;, Sergipe e Bahia) e em nove munic&iacute;pios do Rio Grande do Sul, Bahia, Para&iacute;ba, Cear&aacute; e Rio de Janeiro. Ao todo, s&atilde;o mais de R$ &hellip; <a href=\"https:\/\/obscom.intervozes.org.br\/?p=24701\" class=\"more-link\">Continue lendo <span class=\"screen-reader-text\">MinC apoia instala\u00e7\u00e3o de 285 novas salas n\u00e3o comerciais de cinema<\/span> <span class=\"meta-nav\">&rarr;<\/span><\/a><\/p>\n","protected":false},"author":1,"featured_media":0,"comment_status":"open","ping_status":"open","sticky":false,"template":"","format":"standard","meta":{"footnotes":""},"categories":[40],"tags":[145],"_links":{"self":[{"href":"https:\/\/obscom.intervozes.org.br\/index.php?rest_route=\/wp\/v2\/posts\/24701"}],"collection":[{"href":"https:\/\/obscom.intervozes.org.br\/index.php?rest_route=\/wp\/v2\/posts"}],"about":[{"href":"https:\/\/obscom.intervozes.org.br\/index.php?rest_route=\/wp\/v2\/types\/post"}],"author":[{"embeddable":true,"href":"https:\/\/obscom.intervozes.org.br\/index.php?rest_route=\/wp\/v2\/users\/1"}],"replies":[{"embeddable":true,"href":"https:\/\/obscom.intervozes.org.br\/index.php?rest_route=%2Fwp%2Fv2%2Fcomments&post=24701"}],"version-history":[{"count":0,"href":"https:\/\/obscom.intervozes.org.br\/index.php?rest_route=\/wp\/v2\/posts\/24701\/revisions"}],"wp:attachment":[{"href":"https:\/\/obscom.intervozes.org.br\/index.php?rest_route=%2Fwp%2Fv2%2Fmedia&parent=24701"}],"wp:term":[{"taxonomy":"category","embeddable":true,"href":"https:\/\/obscom.intervozes.org.br\/index.php?rest_route=%2Fwp%2Fv2%2Fcategories&post=24701"},{"taxonomy":"post_tag","embeddable":true,"href":"https:\/\/obscom.intervozes.org.br\/index.php?rest_route=%2Fwp%2Fv2%2Ftags&post=24701"}],"curies":[{"name":"wp","href":"https:\/\/api.w.org\/{rel}","templated":true}]}}