{"id":24696,"date":"2010-07-16T16:41:49","date_gmt":"2010-07-16T16:41:49","guid":{"rendered":"https:\/\/obscom.intervozes.org.br\/wordpress\/?p=24696"},"modified":"2010-07-16T16:41:49","modified_gmt":"2010-07-16T16:41:49","slug":"governo-aguarda-desfecho-das-negociacoes-entre-a-pt-e-telefonica","status":"publish","type":"post","link":"https:\/\/obscom.intervozes.org.br\/?p=24696","title":{"rendered":"Governo aguarda desfecho das negocia\u00e7\u00f5es entre a PT e Telef\u00f3nica"},"content":{"rendered":"<p>   \t \t \t \t \t<!-- \t\t@page { margin: 2cm } \t\tP { margin-bottom: 0.21cm } \t--> \t  <\/p>\n<p style=\"margin-bottom: 0cm\" class=\"padrao\">O governo de Portugal vai manter a sua oposi&ccedil;&atilde;o &agrave; venda da participa&ccedil;&atilde;o da PT na Vivo, caso a Telef&oacute;nica n&atilde;o altere a sua oferta, informou nesta sexta-feira o ministro Pedro Silva Pereira, da Presid&ecirc;ncia. &quot;A posi&ccedil;&atilde;o do governo &eacute; conhecida. Pronunciou-se contra (a venda da Vivo), e se a proposta n&atilde;o se alterar, mant&eacute;m-se contra&quot;, afirmou Pereira, no final da reuni&atilde;o do Conselho de Ministros.<\/p>\n<p>O governante, que respondia &agrave;s quest&otilde;es dos jornalistas, garantiu que o neg&oacute;cio entre a PT e a Telef&oacute;nica n&atilde;o foi discutido hoje no Conselho de Ministros. &quot;O melhor a fazer &eacute; aguardar pelo desenvolvimento do processo&quot;, afirmou. Segundo ele, n&atilde;o h&aacute; um envolvimento direto do governo nas negocia&ccedil;&otilde;es. &quot;&Eacute; uma miss&atilde;o da administra&ccedil;&atilde;o da PT representar os seus acionistas e zelar pelos seus interesses, e isso certamente ser&aacute; feito&rdquo;, acrescentou.<\/p>\n<p>O conselho de administra&ccedil;&atilde;o da Portugal Telecom (PT) est&aacute; reunido para discutir a proposta feita pela Telef&oacute;nica para ficar com a fatia que a empresa portuguesa det&eacute;m na Vivo. A oferta de 7,15 bilh&otilde;es de euros encerra-se hoje.<\/p>\n<p>*com ag&ecirc;ncias internacionais.<\/p>\n","protected":false},"excerpt":{"rendered":"<p>O governo de Portugal vai manter a sua oposi&ccedil;&atilde;o &agrave; venda da participa&ccedil;&atilde;o da PT na Vivo, caso a Telef&oacute;nica n&atilde;o altere a sua oferta, informou nesta sexta-feira o ministro Pedro Silva Pereira, da Presid&ecirc;ncia. &quot;A posi&ccedil;&atilde;o do governo &eacute; conhecida. Pronunciou-se contra (a venda da Vivo), e se a proposta n&atilde;o se alterar, mant&eacute;m-se &hellip; <a href=\"https:\/\/obscom.intervozes.org.br\/?p=24696\" class=\"more-link\">Continue lendo <span class=\"screen-reader-text\">Governo aguarda desfecho das negocia\u00e7\u00f5es entre a PT e Telef\u00f3nica<\/span> <span class=\"meta-nav\">&rarr;<\/span><\/a><\/p>\n","protected":false},"author":1,"featured_media":0,"comment_status":"open","ping_status":"open","sticky":false,"template":"","format":"standard","meta":{"footnotes":""},"categories":[40],"tags":[1358],"_links":{"self":[{"href":"https:\/\/obscom.intervozes.org.br\/index.php?rest_route=\/wp\/v2\/posts\/24696"}],"collection":[{"href":"https:\/\/obscom.intervozes.org.br\/index.php?rest_route=\/wp\/v2\/posts"}],"about":[{"href":"https:\/\/obscom.intervozes.org.br\/index.php?rest_route=\/wp\/v2\/types\/post"}],"author":[{"embeddable":true,"href":"https:\/\/obscom.intervozes.org.br\/index.php?rest_route=\/wp\/v2\/users\/1"}],"replies":[{"embeddable":true,"href":"https:\/\/obscom.intervozes.org.br\/index.php?rest_route=%2Fwp%2Fv2%2Fcomments&post=24696"}],"version-history":[{"count":0,"href":"https:\/\/obscom.intervozes.org.br\/index.php?rest_route=\/wp\/v2\/posts\/24696\/revisions"}],"wp:attachment":[{"href":"https:\/\/obscom.intervozes.org.br\/index.php?rest_route=%2Fwp%2Fv2%2Fmedia&parent=24696"}],"wp:term":[{"taxonomy":"category","embeddable":true,"href":"https:\/\/obscom.intervozes.org.br\/index.php?rest_route=%2Fwp%2Fv2%2Fcategories&post=24696"},{"taxonomy":"post_tag","embeddable":true,"href":"https:\/\/obscom.intervozes.org.br\/index.php?rest_route=%2Fwp%2Fv2%2Ftags&post=24696"}],"curies":[{"name":"wp","href":"https:\/\/api.w.org\/{rel}","templated":true}]}}