{"id":24692,"date":"2010-07-16T16:16:31","date_gmt":"2010-07-16T16:16:31","guid":{"rendered":"https:\/\/obscom.intervozes.org.br\/wordpress\/?p=24692"},"modified":"2010-07-16T16:16:31","modified_gmt":"2010-07-16T16:16:31","slug":"para-anj-aprovacao-da-pec-dos-jornalistas-e-retrocesso","status":"publish","type":"post","link":"https:\/\/obscom.intervozes.org.br\/?p=24692","title":{"rendered":"Para ANJ, aprova\u00e7\u00e3o da PEC dos Jornalistas \u00e9 retrocesso"},"content":{"rendered":"<p>   \t \t \t \t \t<!-- \t\t@page { margin: 2cm } \t\tP { margin-bottom: 0.21cm } \t--> \t  <\/p>\n<p style=\"margin-bottom: 0cm\" class=\"padrao\">A aprova&ccedil;&atilde;o nesta quarta-feira (14\/07) do relat&oacute;rio da Proposta de Emenda &agrave; Constitui&ccedil;&atilde;o 386\/09 na comiss&atilde;o especial da C&acirc;mara dos Deputados foi considerada como um retrocesso pela Associa&ccedil;&atilde;o Nacional de Jornais (ANJ). Conhecido como PEC dos Jornalistas, o projeto restabelece a obrigatoriedade do diploma de Jornalismo para o exerc&iacute;cio da profiss&atilde;o.<\/p>\n<p>&ldquo;Essa aprova&ccedil;&atilde;o da PEC &eacute; um retrocesso. O Supremo j&aacute; definiu que a lei da obrigatoriedade do diploma de Jornalismo &eacute; inconstitucional&rdquo;, disse Ricardo Pedreira, diretor-executivo da ANJ.<\/p>\n<p>Para a entidade, a aprova&ccedil;&atilde;o da proposta pelo legislativo &ldquo;vai criar uma situa&ccedil;&atilde;o inusitada&rdquo;, j&aacute; que o judici&aacute;rio entendeu que a exig&ecirc;ncia &eacute; inconstitucional.<\/p>\n<p>Por outro lado, a Federa&ccedil;&atilde;o Nacional dos Jornalistas (Fenaj) comemorou a aprova&ccedil;&atilde;o. De acordo com o presidente da entidade, S&eacute;rgio Murillo de Andrade, a proposta revela &ldquo;bom senso&rdquo; dos deputados, j&aacute; que a profiss&atilde;o precisa da obrigatoriedade do diploma.<\/p>\n<p>&ldquo;A Fenaj reconhece que, diferente do Supremo, o Congresso reconhece que a profiss&atilde;o precisa de um n&iacute;vel de exig&ecirc;ncia&rdquo;, afirmou Andrade.<\/p>\n<p>Para a Associa&ccedil;&atilde;o Brasileira de Imprensa (ABI), a aprova&ccedil;&atilde;o da PEC &eacute; a &ldquo;reafirma&ccedil;&atilde;o dos direitos do jornalista&rdquo;. De acordo com o presidente da entidade, Maur&iacute;cio Az&ecirc;do, o projeto conserta a decis&atilde;o do STF, que foi uma &ldquo;atitude infeliz&rdquo;.<\/p>\n","protected":false},"excerpt":{"rendered":"<p>A aprova&ccedil;&atilde;o nesta quarta-feira (14\/07) do relat&oacute;rio da Proposta de Emenda &agrave; Constitui&ccedil;&atilde;o 386\/09 na comiss&atilde;o especial da C&acirc;mara dos Deputados foi considerada como um retrocesso pela Associa&ccedil;&atilde;o Nacional de Jornais (ANJ). Conhecido como PEC dos Jornalistas, o projeto restabelece a obrigatoriedade do diploma de Jornalismo para o exerc&iacute;cio da profiss&atilde;o. &ldquo;Essa aprova&ccedil;&atilde;o da PEC &hellip; <a href=\"https:\/\/obscom.intervozes.org.br\/?p=24692\" class=\"more-link\">Continue lendo <span class=\"screen-reader-text\">Para ANJ, aprova\u00e7\u00e3o da PEC dos Jornalistas \u00e9 retrocesso<\/span> <span class=\"meta-nav\">&rarr;<\/span><\/a><\/p>\n","protected":false},"author":1,"featured_media":0,"comment_status":"open","ping_status":"open","sticky":false,"template":"","format":"standard","meta":{"footnotes":""},"categories":[40],"tags":[860],"_links":{"self":[{"href":"https:\/\/obscom.intervozes.org.br\/index.php?rest_route=\/wp\/v2\/posts\/24692"}],"collection":[{"href":"https:\/\/obscom.intervozes.org.br\/index.php?rest_route=\/wp\/v2\/posts"}],"about":[{"href":"https:\/\/obscom.intervozes.org.br\/index.php?rest_route=\/wp\/v2\/types\/post"}],"author":[{"embeddable":true,"href":"https:\/\/obscom.intervozes.org.br\/index.php?rest_route=\/wp\/v2\/users\/1"}],"replies":[{"embeddable":true,"href":"https:\/\/obscom.intervozes.org.br\/index.php?rest_route=%2Fwp%2Fv2%2Fcomments&post=24692"}],"version-history":[{"count":0,"href":"https:\/\/obscom.intervozes.org.br\/index.php?rest_route=\/wp\/v2\/posts\/24692\/revisions"}],"wp:attachment":[{"href":"https:\/\/obscom.intervozes.org.br\/index.php?rest_route=%2Fwp%2Fv2%2Fmedia&parent=24692"}],"wp:term":[{"taxonomy":"category","embeddable":true,"href":"https:\/\/obscom.intervozes.org.br\/index.php?rest_route=%2Fwp%2Fv2%2Fcategories&post=24692"},{"taxonomy":"post_tag","embeddable":true,"href":"https:\/\/obscom.intervozes.org.br\/index.php?rest_route=%2Fwp%2Fv2%2Ftags&post=24692"}],"curies":[{"name":"wp","href":"https:\/\/api.w.org\/{rel}","templated":true}]}}