{"id":24684,"date":"2010-07-15T13:22:34","date_gmt":"2010-07-15T13:22:34","guid":{"rendered":"https:\/\/obscom.intervozes.org.br\/wordpress\/?p=24684"},"modified":"2010-07-15T13:22:34","modified_gmt":"2010-07-15T13:22:34","slug":"comissao-da-camara-aprova-e-pec-do-diploma-segue-para-votacao","status":"publish","type":"post","link":"https:\/\/obscom.intervozes.org.br\/?p=24684","title":{"rendered":"Comiss\u00e3o da C\u00e2mara aprova e PEC do diploma segue para vota\u00e7\u00e3o"},"content":{"rendered":"<p>   \t \t \t \t \t<!-- \t\t@page { margin: 2cm } \t\tP { margin-bottom: 0.21cm } \t--> \t  <\/p>\n<p style=\"margin-bottom: 0cm\" class=\"padrao\">Na tarde desta quarta-feira (14), a Comiss&atilde;o Especial da C&acirc;mara dos Deputados aprovou substitutivo da Proposta de Emenda Constitucional (PEC) 386\/09 que restabelece a obrigatoriedade do diploma em Jornalismo para o exerc&iacute;cio da profiss&atilde;o. Com isso, a proposta segue para vota&ccedil;&atilde;o em Plen&aacute;rio. <\/p>\n<p>Pelo substitutivo, de autoria do deputado Hugo Leal (PSC-RJ), a Constitui&ccedil;&atilde;o especifica que &quot;a exig&ecirc;ncia de gradua&ccedil;&atilde;o em jornalismo e de registro do respectivo diploma nos &oacute;rg&atilde;os competentes para o exerc&iacute;cio da atividade profissional n&atilde;o constitui restri&ccedil;&atilde;o &agrave;s liberdades de pensamento e de informa&ccedil;&atilde;o jornal&iacute;stica&quot;, segundo informa a Ag&ecirc;ncia C&acirc;mara.<\/p>\n<p>No texto, Leal observou que o Jornalismo n&atilde;o pode ser encarado como simples&nbsp;&quot;presta&ccedil;&atilde;o de informa&ccedil;&atilde;o isolada ou a emiss&atilde;o de uma opini&atilde;o pessoal&quot;, e que, para o exerc&iacute;cio da profiss&atilde;o &quot;&eacute; preciso bem mais do que o simples &#39;h&aacute;bito da leitura&#39; e o &#39;exerc&iacute;cio da pr&aacute;tica profissional&#39;, pois, acima de tudo, esta profiss&atilde;o al&eacute;m de exigir amplo conhecimento sobre cultura, legisla&ccedil;&atilde;o e economia, requer que o profissional jornalista adquira preceitos t&eacute;cnicos e &eacute;ticos, necess&aacute;rios para entrevistar, reportar, editar e pesquisar&#39;.&nbsp;<\/p>\n<p>Para o deputado, a&nbsp;revoga&ccedil;&atilde;o&nbsp;pelo&nbsp;Supremo Tribunal Federal (STF) da&nbsp;obrigatoriedade da forma&ccedil;&atilde;o espec&iacute;fica, em junho de 2009, criou &quot;uma grave inseguran&ccedil;a jur&iacute;dica para uma imensidade de profissionais jornalistas, milhares de estudantes de Jornalismo&quot;.<\/p>\n<p>A Comiss&atilde;o Especial era a &uacute;ltima fase de an&aacute;lise do m&eacute;rito da PEC, de autoria do deputado Paulo Pimenta (PT-RS). Anteriormente, a proposta j&aacute; tinha recebido parecer favor&aacute;vel da Comiss&atilde;o de Constitui&ccedil;&atilde;o, Justi&ccedil;a e Cidadania (CCJC) da Casa. <\/p>\n<p><strong>Mobiliza&ccedil;&atilde;o<\/strong><\/p>\n<p>Ao&nbsp;<em>Portal IMPRENSA<\/em>,&nbsp;Pimenta&nbsp;declarou que os parlamentares ir&atilde;o trabalhar para que a PEC seja levada ao Plen&aacute;rio no segundo semestre, ap&oacute;s o per&iacute;odo de elei&ccedil;&otilde;es, e destacou a necessidade do apoio da sociedade. <\/p>\n<p>&quot;&Eacute; tempo de mobiliza&ccedil;&atilde;o dos sindicatos dos jornalistas, da federa&ccedil;&atilde;o, de outras entidades e da sociedade civil tamb&eacute;m&quot;, declarou. O movimento em prol da aprova&ccedil;&atilde;o da PEC, segundo ele, ser&aacute; baseado na divulga&ccedil;&atilde;o pela Internet, alternativa &agrave; cobertura convencional da imprensa que, &quot;em geral, ignora o assunto&quot;.<\/p>\n","protected":false},"excerpt":{"rendered":"<p>Na tarde desta quarta-feira (14), a Comiss&atilde;o Especial da C&acirc;mara dos Deputados aprovou substitutivo da Proposta de Emenda Constitucional (PEC) 386\/09 que restabelece a obrigatoriedade do diploma em Jornalismo para o exerc&iacute;cio da profiss&atilde;o. Com isso, a proposta segue para vota&ccedil;&atilde;o em Plen&aacute;rio. Pelo substitutivo, de autoria do deputado Hugo Leal (PSC-RJ), a Constitui&ccedil;&atilde;o especifica &hellip; <a href=\"https:\/\/obscom.intervozes.org.br\/?p=24684\" class=\"more-link\">Continue lendo <span class=\"screen-reader-text\">Comiss\u00e3o da C\u00e2mara aprova e PEC do diploma segue para vota\u00e7\u00e3o<\/span> <span class=\"meta-nav\">&rarr;<\/span><\/a><\/p>\n","protected":false},"author":1,"featured_media":0,"comment_status":"open","ping_status":"open","sticky":false,"template":"","format":"standard","meta":{"footnotes":""},"categories":[40],"tags":[860],"_links":{"self":[{"href":"https:\/\/obscom.intervozes.org.br\/index.php?rest_route=\/wp\/v2\/posts\/24684"}],"collection":[{"href":"https:\/\/obscom.intervozes.org.br\/index.php?rest_route=\/wp\/v2\/posts"}],"about":[{"href":"https:\/\/obscom.intervozes.org.br\/index.php?rest_route=\/wp\/v2\/types\/post"}],"author":[{"embeddable":true,"href":"https:\/\/obscom.intervozes.org.br\/index.php?rest_route=\/wp\/v2\/users\/1"}],"replies":[{"embeddable":true,"href":"https:\/\/obscom.intervozes.org.br\/index.php?rest_route=%2Fwp%2Fv2%2Fcomments&post=24684"}],"version-history":[{"count":0,"href":"https:\/\/obscom.intervozes.org.br\/index.php?rest_route=\/wp\/v2\/posts\/24684\/revisions"}],"wp:attachment":[{"href":"https:\/\/obscom.intervozes.org.br\/index.php?rest_route=%2Fwp%2Fv2%2Fmedia&parent=24684"}],"wp:term":[{"taxonomy":"category","embeddable":true,"href":"https:\/\/obscom.intervozes.org.br\/index.php?rest_route=%2Fwp%2Fv2%2Fcategories&post=24684"},{"taxonomy":"post_tag","embeddable":true,"href":"https:\/\/obscom.intervozes.org.br\/index.php?rest_route=%2Fwp%2Fv2%2Ftags&post=24684"}],"curies":[{"name":"wp","href":"https:\/\/api.w.org\/{rel}","templated":true}]}}