{"id":24674,"date":"2010-07-14T16:29:20","date_gmt":"2010-07-14T16:29:20","guid":{"rendered":"https:\/\/obscom.intervozes.org.br\/wordpress\/?p=24674"},"modified":"2010-07-14T16:29:20","modified_gmt":"2010-07-14T16:29:20","slug":"retransmissao-e-nova-etapa-da-transicao-para-o-digital","status":"publish","type":"post","link":"https:\/\/obscom.intervozes.org.br\/?p=24674","title":{"rendered":"Retransmiss\u00e3o \u00e9 nova etapa da transi\u00e7\u00e3o para o digital"},"content":{"rendered":"<p>   \t \t \t \t \t<!-- \t\t@page { margin: 2cm } \t\tP { margin-bottom: 0.21cm } \t--> \t  <\/p>\n<p style=\"margin-bottom: 0cm\" class=\"padrao\">Ap&oacute;s a primeira fase de digitaliza&ccedil;&atilde;o dos sinais de TV aberta nas geradoras, come&ccedil;a o processo de digitaliza&ccedil;&atilde;o das retransmissoras de televis&atilde;o. Trata-se de uma etapa da transi&ccedil;&atilde;o para a TV digital que demanda tecnologias que at&eacute; agora n&atilde;o precisaram ser discutidas. O diretor comercial da fabricante de transmissores Screen Service, J&uacute;lio Rocha, destaca que as emissoras ter&atilde;o de escolher uma tecnologia para levar seu conte&uacute;do at&eacute; as retransmissoras. Depois, escolher&atilde;o como estas tecnologias ser&atilde;o usadas. &quot;No anal&oacute;gico, tudo &eacute; feito por micro-ondas ou sat&eacute;lite. Estas tecnologias poder&atilde;o ser usadas no digital, mas otimizadas&quot;, explica.<\/p>\n<p>Uma solu&ccedil;&atilde;o apontada por ele para reduzir o custo de envio do sinal &agrave;s retransmissoras &eacute; mandar apenas o sinal digital, em substitui&ccedil;&atilde;o ao sinal anal&oacute;gico enviado hoje. &quot;O sinal vai direto para o transmissor digital e convertido para o transmissor anal&oacute;gico&quot;, diz, lembrando que a banda necess&aacute;ria para enviar os dois sinais seria maior. Outra hip&oacute;tese apontada por ele &eacute; o uso de redes IP nos links de micro-ondas, permitindo assim n&atilde;o apenas o envio do sinal digital, mas o uso do link para tr&aacute;fego de material para o jornalismo, ou telefonia IP para comunica&ccedil;&atilde;o entre geradora e retransmissora, por exemplo.<\/p>\n<p>Apostando neste mercado, n&atilde;o apenas no Brasil, mas na Am&eacute;rica do Sul, a empresa construiu f&aacute;brica de 4,5 mil metros quadrados no Brasil, montando transmissores de 0,5W a 22kW.  <\/p>\n","protected":false},"excerpt":{"rendered":"<p>Ap&oacute;s a primeira fase de digitaliza&ccedil;&atilde;o dos sinais de TV aberta nas geradoras, come&ccedil;a o processo de digitaliza&ccedil;&atilde;o das retransmissoras de televis&atilde;o. Trata-se de uma etapa da transi&ccedil;&atilde;o para a TV digital que demanda tecnologias que at&eacute; agora n&atilde;o precisaram ser discutidas. O diretor comercial da fabricante de transmissores Screen Service, J&uacute;lio Rocha, destaca que &hellip; <a href=\"https:\/\/obscom.intervozes.org.br\/?p=24674\" class=\"more-link\">Continue lendo <span class=\"screen-reader-text\">Retransmiss\u00e3o \u00e9 nova etapa da transi\u00e7\u00e3o para o digital<\/span> <span class=\"meta-nav\">&rarr;<\/span><\/a><\/p>\n","protected":false},"author":1,"featured_media":0,"comment_status":"open","ping_status":"open","sticky":false,"template":"","format":"standard","meta":{"footnotes":""},"categories":[40],"tags":[1069],"_links":{"self":[{"href":"https:\/\/obscom.intervozes.org.br\/index.php?rest_route=\/wp\/v2\/posts\/24674"}],"collection":[{"href":"https:\/\/obscom.intervozes.org.br\/index.php?rest_route=\/wp\/v2\/posts"}],"about":[{"href":"https:\/\/obscom.intervozes.org.br\/index.php?rest_route=\/wp\/v2\/types\/post"}],"author":[{"embeddable":true,"href":"https:\/\/obscom.intervozes.org.br\/index.php?rest_route=\/wp\/v2\/users\/1"}],"replies":[{"embeddable":true,"href":"https:\/\/obscom.intervozes.org.br\/index.php?rest_route=%2Fwp%2Fv2%2Fcomments&post=24674"}],"version-history":[{"count":0,"href":"https:\/\/obscom.intervozes.org.br\/index.php?rest_route=\/wp\/v2\/posts\/24674\/revisions"}],"wp:attachment":[{"href":"https:\/\/obscom.intervozes.org.br\/index.php?rest_route=%2Fwp%2Fv2%2Fmedia&parent=24674"}],"wp:term":[{"taxonomy":"category","embeddable":true,"href":"https:\/\/obscom.intervozes.org.br\/index.php?rest_route=%2Fwp%2Fv2%2Fcategories&post=24674"},{"taxonomy":"post_tag","embeddable":true,"href":"https:\/\/obscom.intervozes.org.br\/index.php?rest_route=%2Fwp%2Fv2%2Ftags&post=24674"}],"curies":[{"name":"wp","href":"https:\/\/api.w.org\/{rel}","templated":true}]}}