{"id":24671,"date":"2010-07-14T16:24:53","date_gmt":"2010-07-14T16:24:53","guid":{"rendered":"https:\/\/obscom.intervozes.org.br\/wordpress\/?p=24671"},"modified":"2010-07-14T16:24:53","modified_gmt":"2010-07-14T16:24:53","slug":"caderno-de-habilitacao-esta-pronto-para-sair","status":"publish","type":"post","link":"https:\/\/obscom.intervozes.org.br\/?p=24671","title":{"rendered":"Caderno de habilita\u00e7\u00e3o est\u00e1 pronto para sair"},"content":{"rendered":"<p>   \t \t \t \t \t<!-- \t\t@page { margin: 2cm } \t\tP { margin-bottom: 0.21cm } \t--> \t  <\/p>\n<p style=\"margin-bottom: 0cm\" class=\"padrao\">Segundo apurou este notici&aacute;rio, a equipe t&eacute;cnica da Anatel concluiu a formata&ccedil;&atilde;o do caderno de habilita&ccedil;&atilde;o que ser&aacute; utilizado para iniciar o processo de outorga das concess&otilde;es de TV a cabo. A expectativa &eacute; que o caderno saia at&eacute; o final desta semana. A import&acirc;ncia do caderno &eacute; que ele traz a lista e a rela&ccedil;&atilde;o de documentos que devem ser apresentados pelos interessados os termos de um contrato de concess&atilde;o que a Anatel utilizar&aacute; depois de consulta p&uacute;blica. <\/p>\n<p>Nesse contrato constar&atilde;o obriga&ccedil;&otilde;es de cobertura para os novos operadores, regras para atendimento a locais de interesse p&uacute;blico e o pre&ccedil;o pela outorga. Nas vers&otilde;es que vinham sendo discutidas, a Anatel chegou a cogitar o atendimento de at&eacute; 100% dos domic&iacute;lios em at&eacute; 96 meses e o atendimento gratuito de 50% dos locais de interesse p&uacute;blico (escolas, bibliotecas, hospitais etc). <\/p>\n<p>O pre&ccedil;o, em princ&iacute;pio, ser&aacute; o administrativo, ou seja, R$ 9 mil. Depois da apresenta&ccedil;&atilde;o da documenta&ccedil;&atilde;o necess&aacute;ria e projeto t&eacute;cnico, o processo ser&aacute; encaminhado para o conselho diretor, a quem caber&aacute; expedir a outorga. O conselho da Anatel n&atilde;o deve fazer isso antes de ser publicado um novo planejamento, hoje sendo relatado pela conselheira Em&iacute;lia Ribeiro.<\/p>\n","protected":false},"excerpt":{"rendered":"<p>Segundo apurou este notici&aacute;rio, a equipe t&eacute;cnica da Anatel concluiu a formata&ccedil;&atilde;o do caderno de habilita&ccedil;&atilde;o que ser&aacute; utilizado para iniciar o processo de outorga das concess&otilde;es de TV a cabo. A expectativa &eacute; que o caderno saia at&eacute; o final desta semana. A import&acirc;ncia do caderno &eacute; que ele traz a lista e a &hellip; <a href=\"https:\/\/obscom.intervozes.org.br\/?p=24671\" class=\"more-link\">Continue lendo <span class=\"screen-reader-text\">Caderno de habilita\u00e7\u00e3o est\u00e1 pronto para sair<\/span> <span class=\"meta-nav\">&rarr;<\/span><\/a><\/p>\n","protected":false},"author":1,"featured_media":0,"comment_status":"open","ping_status":"open","sticky":false,"template":"","format":"standard","meta":{"footnotes":""},"categories":[40],"tags":[1368],"_links":{"self":[{"href":"https:\/\/obscom.intervozes.org.br\/index.php?rest_route=\/wp\/v2\/posts\/24671"}],"collection":[{"href":"https:\/\/obscom.intervozes.org.br\/index.php?rest_route=\/wp\/v2\/posts"}],"about":[{"href":"https:\/\/obscom.intervozes.org.br\/index.php?rest_route=\/wp\/v2\/types\/post"}],"author":[{"embeddable":true,"href":"https:\/\/obscom.intervozes.org.br\/index.php?rest_route=\/wp\/v2\/users\/1"}],"replies":[{"embeddable":true,"href":"https:\/\/obscom.intervozes.org.br\/index.php?rest_route=%2Fwp%2Fv2%2Fcomments&post=24671"}],"version-history":[{"count":0,"href":"https:\/\/obscom.intervozes.org.br\/index.php?rest_route=\/wp\/v2\/posts\/24671\/revisions"}],"wp:attachment":[{"href":"https:\/\/obscom.intervozes.org.br\/index.php?rest_route=%2Fwp%2Fv2%2Fmedia&parent=24671"}],"wp:term":[{"taxonomy":"category","embeddable":true,"href":"https:\/\/obscom.intervozes.org.br\/index.php?rest_route=%2Fwp%2Fv2%2Fcategories&post=24671"},{"taxonomy":"post_tag","embeddable":true,"href":"https:\/\/obscom.intervozes.org.br\/index.php?rest_route=%2Fwp%2Fv2%2Ftags&post=24671"}],"curies":[{"name":"wp","href":"https:\/\/api.w.org\/{rel}","templated":true}]}}