{"id":24661,"date":"2010-07-12T19:40:36","date_gmt":"2010-07-12T19:40:36","guid":{"rendered":"https:\/\/obscom.intervozes.org.br\/wordpress\/?p=24661"},"modified":"2010-07-12T19:40:36","modified_gmt":"2010-07-12T19:40:36","slug":"piaui-desativa-unidade-de-politicas-publicas-de-comunicacao","status":"publish","type":"post","link":"https:\/\/obscom.intervozes.org.br\/?p=24661","title":{"rendered":"Piau\u00ed desativa Unidade de Pol\u00edticas P\u00fablicas de Comunica\u00e7\u00e3o"},"content":{"rendered":"<p>   \t \t \t \t \t<!-- \t\t@page { margin: 2cm } \t\tP { margin-bottom: 0.21cm } \t--> \t  <\/p>\n<p style=\"margin-bottom: 0cm\" class=\"padrao\">Em 5 de junho de 2010, o governo do estado do Piau&iacute; esvaziou a Unidade de Pol&iacute;ticas P&uacute;blicas de Comunica&ccedil;&atilde;o. Naquele dia, todos os funcion&aacute;rios foram desligados do &oacute;rg&atilde;o, decis&atilde;o que coloca em risco um hist&oacute;rico pioneiro de a&ccedil;&otilde;es na &aacute;rea. O Piau&iacute; vinha desenvolvendo projetos com &ecirc;nfase na comunica&ccedil;&atilde;o comunit&aacute;ria, al&eacute;m de tentar articular a pauta da comunica&ccedil;&atilde;o aos demais setores do Estado e produzir novos arranjos institucionais. A  proposta de cria&ccedil;&atilde;o de um Conselho de Comunica&ccedil;&atilde;o estadual foi finalizada em fevereiro, mas est&aacute; parada.<\/p>\n<p>O &uacute;ltimo diretor da Unidade, Jess&eacute; Barbosa, foi respons&aacute;vel em tocar a etapa estadual da 1&ordf; Confer&ecirc;ncia Nacional de Comunica&ccedil;&atilde;o e desenvolver a proposta do Conselho Estadual de Comunica&ccedil;&atilde;o com um grupo de trabalho, a a&ccedil;&atilde;o mais avan&ccedil;ada de um longo processo de discuss&otilde;es dentro do governo. O an&uacute;ncio da sa&iacute;da de Jess&eacute; foi o &uacute;ltimo epis&oacute;dio do desmantelamento da UPP de Comunica&ccedil;&atilde;o realizado ap&oacute;s o governador Wellington Dias (PT) renunciar para concorrer ao Senado, em abril de 2010, e assumir o vice, Wilson Martins (PSB). O <strong>Observat&oacute;rio do Direito &agrave; Comunica&ccedil;&atilde;o<\/strong> tentou falar com o atual Coordenador de Comunica&ccedil;&atilde;o, Fenelon Rocha, sobre o esvaziamento da UPP, mas n&atilde;o foi atendido. <\/p>\n<p>A unidade foi criada na gest&atilde;o de Dias, em 2003, dentro da Coordenadoria Estadual de Comunica&ccedil;&atilde;o. O coordenador na &eacute;poca, Oscar de Barros, lembra que a reforma administrativa buscava atender inicialmente as emissoras comunit&aacute;rias. Barros ressalta que o Piau&iacute; tem cerca de 3 milh&otilde;es de habitantes e 800 mil vivem na capital, Teresina. A maioria das cidades ficam entre 5 e 10 mil habitantes, o que facilita o potencial da radiodifus&atilde;o comunit&aacute;ria no estado que tem o terceiro pior &Iacute;ndice de Desenvolvimento (IDH) do pa&iacute;s, compat&iacute;vel a Bol&iacute;via, Vietn&atilde; e os territ&oacute;rios ocupados da Palestina.<\/p>\n<p>Oscar lembra que foi preciso coragem para redirecionar verbas da publicidade costumeiramente destinadas aos ve&iacute;culos comerciais e construir mecanismos de sustentabilidade para emissoras comunit&aacute;rias, que muitas vezes enfrentam problemas para se legalizar e funcionam de forma prec&aacute;ria. Hoje a frente da reativa&ccedil;&atilde;o do F&oacute;rum Nacional pela Democratiza&ccedil;&atilde;o da Comunica&ccedil;&atilde;o (FNDC) no estado, Barros diz que ainda sonha em presenciar a efetiva&ccedil;&atilde;o de um programa para os agentes de comunica&ccedil;&atilde;o comunit&aacute;ria, nos moldes da sa&uacute;de. &ldquo;Na maioria das casas, as pessoas tem a Rede Globo na sala. &Eacute; preciso ter mecanismos de leitura cr&iacute;tica deste conte&uacute;do&rdquo;, defende Oscar.<\/p>\n<p>Depois dele, mais quatro gestores passaram pelo &oacute;rg&atilde;o. Entre idas e vindas, a Unidade de Pol&iacute;ticas P&uacute;blicas desenvolveu em parceria com a Care Internacional o projeto Comunica&ccedil;&atilde;o e R&aacute;dio para o Desenvolvimento Local. Foram 11 cursos de extens&atilde;o universit&aacute;ria que capacitaram 523 comunicadores de 252 r&aacute;dios, sob acompanhamento da Universidade Estadual do Piau&iacute; (UESPI). O projeto foi vencedor do Concurso Latinoamericano de Comunica&ccedil;&atilde;o e Experi&ecirc;ncias Inovadoras. O curioso &eacute; que, at&eacute; hoje, o Minist&eacute;rio das Comunica&ccedil;&otilde;es s&oacute; autorizou 72 licen&ccedil;as de radiodifus&atilde;o comunit&aacute;ria no estado.<\/p>\n<p>Atualmente, um endere&ccedil;o eletr&ocirc;nico (http:\/\/comunicadoresderadio.ning.com) mant&eacute;m a Rede de Comunicadores em atividade. Jess&eacute; lamenta que a experi&ecirc;ncia tenha sido pontual. &ldquo;O Estado encara [a comunica&ccedil;&atilde;o comunit&aacute;ria] como instrumento, mas jamais como pass&iacute;vel de pol&iacute;tica p&uacute;blicas. O projeto tem come&ccedil;o, meio e fim, ao contr&aacute;rio dos programas permanentes.&rdquo;<\/p>\n<p><strong>Conselho de Comunica&ccedil;&atilde;o<\/strong><\/p>\n<p>Sem a participa&ccedil;&atilde;o da Unidade a proposta elaborada para o Conselho Estadual de Comunica&ccedil;&atilde;o tende a ter mais dificuldades para ser encaminhada, discutida e aprovada pela Assembl&eacute;ia Legislativa. O Grupo de Trabalho que discutiu a proposta foi efetivado por decreto do ent&atilde;o governador ap&oacute;s a etapa estadual I Confer&ecirc;ncia Nacional de Comunica&ccedil;&atilde;o e em fevereiro terminou as tarefas. <\/p>\n<p>A proposta definida pelo GT visa a cria&ccedil;&atilde;o de um &oacute;rg&atilde;o consultivo e deliberativo vinculado ao Poder Legislativo. Entre os objetivos do conselho estariam desenvolver a comunica&ccedil;&atilde;o comunit&aacute;rias, auxiliar na fiscaliza&ccedil;&atilde;o das outorgas de radiodifus&atilde;o, encaminhar den&uacute;ncias de viola&ccedil;&otilde;es aos direitos humanos e viabilizar a oferta dos servi&ccedil;os de internet e TV a Cabo para indiv&iacute;duos e institui&ccedil;&otilde;es p&uacute;blicas (veja mais informa&ccedil;&otilde;es ao final da mat&eacute;ria). A composi&ccedil;&atilde;o sugerida prev&ecirc; a participa&ccedil;&atilde;o de tr&ecirc;s segmentos com 11 representantes dos prestadores de servi&ccedil;o e gestores p&uacute;blicos, 11 representantes dos trabalhadores do setor e 22 representantes dos usu&aacute;rios, totalizando 44 membros.<\/p>\n<p>A paralisa&ccedil;&atilde;o de propostas t&atilde;o avan&ccedil;adas dentro do contexto nacional demonstra a fragilidade das pol&iacute;ticas p&uacute;blicas de comunica&ccedil;&atilde;o em n&iacute;vel local. Ao mesmo tempo, tamb&eacute;m pode ser considerada um ind&iacute;cio do que pode ocorrer em n&iacute;vel federal caso a&ccedil;&otilde;es voltadas para a efetiva&ccedil;&atilde;o do direito &agrave; comunica&ccedil;&atilde;o n&atilde;o sejam legitimadas com uma pol&iacute;tica de Estado.&nbsp;<\/p>\n<p>**********<\/p>\n<p><strong>ATRIBUI&Ccedil;&Otilde;ES DO CONSELHO ESTADUAL DE COMUNICA&Ccedil;&Atilde;O<\/strong><br \/><em>A proposta feita pelo GT no Piau&iacute;<\/p>\n<p><\/em><\/p>\n<ul>\n<li class=\"padrao\">Promover o debate e o desenvolvimento de projetos e servi&ccedil;os de comunica&ccedil;&atilde;o comunit&aacute;ria, como espa&ccedil;o necess&aacute;rio para a reflex&atilde;o sobre os assuntos de interesse geral e democratiza&ccedil;&atilde;o da produ&ccedil;&atilde;o e acesso &agrave; informa&ccedil;&atilde;o, pautado pelas no&ccedil;&otilde;es de participa&ccedil;&atilde;o da sociedade e de preserva&ccedil;&atilde;o do interesse p&uacute;blico;<\/li>\n<li class=\"padrao\">Observar a produ&ccedil;&atilde;o e programa&ccedil;&atilde;o das emissoras radiodifus&atilde;o e telecomunica&ccedil;&otilde;es no que se refere ao cumprimento de suas finalidades educativas, art&iacute;sticas, culturais e informativas, conforme preceitua a Constitui&ccedil;&atilde;o Federal;<\/li>\n<li class=\"padrao\">Promover a produ&ccedil;&atilde;o independente e a regionaliza&ccedil;&atilde;o da produ&ccedil;&atilde;o cultural, art&iacute;stica e jornal&iacute;stica nos meios de comunica&ccedil;&atilde;o locais conforme preceitua a Constitui&ccedil;&atilde;o Federal;<\/li>\n<li class=\"padrao\">Exercer permanente vigil&acirc;ncia quanto ao cumprimento da legisla&ccedil;&atilde;o e das normas que regulamentam a radiodifus&atilde;o e as telecomunica&ccedil;&otilde;es e sempre que necess&aacute;rio pedir esclarecimentos ao Minist&eacute;rio das Comunica&ccedil;&otilde;es e Ag&ecirc;ncia Nacional de Telecomunica&ccedil;&otilde;es (Anatel) sobre a situa&ccedil;&atilde;o das emissoras locais e os processos de outorga, renova&ccedil;&atilde;o de concess&atilde;o e autoriza&ccedil;&atilde;o de servi&ccedil;os de radiodifus&atilde;o sonora, de sons e imagens e digital, ao mesmo tempo formalizar e denunciar junto a esses &oacute;rg&atilde;os quando alguma emissora de radiodifus&atilde;o e telecomunica&ccedil;&otilde;es desrespeitar a legisla&ccedil;&atilde;o, tudo nos conformes da Constitui&ccedil;&atilde;o Federal;<\/li>\n<li class=\"padrao\">Encaminhar e acompanhar junto aos &oacute;rg&atilde;os competentes, den&uacute;ncias relativas a atitudes preconceituosas de g&ecirc;nero, sexo, ra&ccedil;a, credo, classe social e outros, nos meios de comunica&ccedil;&atilde;o estaduais que atuam no &acirc;mbito do Piau&iacute; conforme preceitua a Constitui&ccedil;&atilde;o Federal;<\/li>\n<li class=\"padrao\">Propor e incentivar a implanta&ccedil;&atilde;o de acessos individuais para presta&ccedil;&atilde;o de servi&ccedil;o de telecomunica&ccedil;&otilde;es (inclusive internet via banda larga) e TV&rsquo;s por assinatura (a cabo e sat&eacute;lite), em condi&ccedil;&otilde;es favor&aacute;veis a estabelecimentos p&uacute;blicos de ensino, bibliotecas, institui&ccedil;&otilde;es de sa&uacute;de, &oacute;rg&atilde;os de seguran&ccedil;a p&uacute;blica.<\/li>\n<\/ul>\n<p style=\"margin-bottom: 0cm\" class=\"padrao\">&nbsp;<\/p>\n","protected":false},"excerpt":{"rendered":"<p>Medida paralisa projetos como a cria&ccedil;&atilde;o de Conselho Estadual de Comunica&ccedil;&atilde;o e programas de apoio &agrave; r&aacute;dios comunit&aacute;rias<\/p>\n","protected":false},"author":1,"featured_media":0,"comment_status":"open","ping_status":"open","sticky":false,"template":"","format":"standard","meta":{"footnotes":""},"categories":[40],"tags":[1112],"_links":{"self":[{"href":"https:\/\/obscom.intervozes.org.br\/index.php?rest_route=\/wp\/v2\/posts\/24661"}],"collection":[{"href":"https:\/\/obscom.intervozes.org.br\/index.php?rest_route=\/wp\/v2\/posts"}],"about":[{"href":"https:\/\/obscom.intervozes.org.br\/index.php?rest_route=\/wp\/v2\/types\/post"}],"author":[{"embeddable":true,"href":"https:\/\/obscom.intervozes.org.br\/index.php?rest_route=\/wp\/v2\/users\/1"}],"replies":[{"embeddable":true,"href":"https:\/\/obscom.intervozes.org.br\/index.php?rest_route=%2Fwp%2Fv2%2Fcomments&post=24661"}],"version-history":[{"count":0,"href":"https:\/\/obscom.intervozes.org.br\/index.php?rest_route=\/wp\/v2\/posts\/24661\/revisions"}],"wp:attachment":[{"href":"https:\/\/obscom.intervozes.org.br\/index.php?rest_route=%2Fwp%2Fv2%2Fmedia&parent=24661"}],"wp:term":[{"taxonomy":"category","embeddable":true,"href":"https:\/\/obscom.intervozes.org.br\/index.php?rest_route=%2Fwp%2Fv2%2Fcategories&post=24661"},{"taxonomy":"post_tag","embeddable":true,"href":"https:\/\/obscom.intervozes.org.br\/index.php?rest_route=%2Fwp%2Fv2%2Ftags&post=24661"}],"curies":[{"name":"wp","href":"https:\/\/api.w.org\/{rel}","templated":true}]}}