{"id":24660,"date":"2010-07-12T18:04:00","date_gmt":"2010-07-12T18:04:00","guid":{"rendered":"https:\/\/obscom.intervozes.org.br\/wordpress\/?p=24660"},"modified":"2010-07-12T18:04:00","modified_gmt":"2010-07-12T18:04:00","slug":"disputa-entre-radiodifusores-emperra-mudancas-em-lei-de-radios-comunitarias","status":"publish","type":"post","link":"https:\/\/obscom.intervozes.org.br\/?p=24660","title":{"rendered":"Disputa entre radiodifusores emperra mudan\u00e7as em lei de r\u00e1dios comunit\u00e1rias"},"content":{"rendered":"<p>   \t \t \t \t \t<!-- \t\t@page { margin: 2cm } \t\tP { margin-bottom: 0.21cm } \t--> \t  <\/p>\n<p style=\"margin-bottom: 0cm\" class=\"padrao\">Radiodifusores comerciais e comunit&aacute;rios travam dentro e fora do Congresso Nacional disputa em torno das r&aacute;dios comunit&aacute;riasEmissoras de r&aacute;dio FM sem fins lucrativos, operadas em baixa pot&ecirc;ncia e de cobertura restrita ao bairro em que se localizam, outorgadas a funda&ccedil;&otilde;es e associa&ccedil;&otilde;es comunit&aacute;rias. Previsto na Lei 9612\/98, o Servi&ccedil;o de Radiodifus&atilde;o Comunit&aacute;ria tem como objetivos: &#8211; dar oportunidade &agrave; difus&atilde;o de id&eacute;ias, elementos de cultura, tradi&ccedil;&otilde;es e h&aacute;bitos sociais da comunidade; &#8211; oferecer mecanismos &agrave; forma&ccedil;&atilde;o e integra&ccedil;&atilde;o da comunidade, estimulando o lazer, a cultura e o conv&iacute;vio social; &#8211; prestar servi&ccedil;os de utilidade p&uacute;blica, integrando-se aos servi&ccedil;os de defesa civil sempre que necess&aacute;rio; &#8211; contribuir para o aperfei&ccedil;oamento profissional nas &aacute;reas de atua&ccedil;&atilde;o dos jornalistas e radialistas, em conformidade com a legisla&ccedil;&atilde;o profissional vigente; &#8211; permitir a capacita&ccedil;&atilde;o dos cidad&atilde;os no exerc&iacute;cio do direito de express&atilde;o da forma mais acess&iacute;vel poss&iacute;vel. &ndash; r&aacute;dios locais e de baixa pot&ecirc;ncia (25 watts), com cobertura restrita (1 km), que devem dar prefer&ecirc;ncia a conte&uacute;dos voltados &agrave; comunidade. Enquanto os radiodifusores comerciais defendem o combate &agrave;s chamadas r&aacute;dios piratas &ndash; ou seja, r&aacute;dios sem outorgas para funcionamento &ndash;, os radiodifusores comunit&aacute;rios pedem celeridade nos processos de autoriza&ccedil;&atilde;o para as emissoras comunit&aacute;rias, que seriam uma forma de democratizar as comunica&ccedil;&otilde;es no Brasil.<\/p>\n<p>Na C&acirc;mara, tramitam mais de 30 propostas sobre o tema. Algumas visam aumentar o rigor da puni&ccedil;&atilde;o para o crime de opera&ccedil;&atilde;o irregular de r&aacute;dio e dificultar a instala&ccedil;&atilde;o de emissoras ilegais. Outras descriminalizam a opera&ccedil;&atilde;o de emissora de r&aacute;dio comunit&aacute;ria sem autoriza&ccedil;&atilde;o e facilitam o financiamento das r&aacute;dios comunit&aacute;rias por meio da destina&ccedil;&atilde;o de recursos para as emissoras, da permiss&atilde;o de publicidade nas programa&ccedil;&otilde;es ou da isen&ccedil;&atilde;o de recolhimento de direitos autorais.<\/p>\n<p><strong>R&aacute;dios irregulares<\/strong><\/p>\n<p>A Associa&ccedil;&atilde;o Brasileira de Radiodifus&atilde;o Comunit&aacute;ria (Abra&ccedil;o) estima que o n&uacute;mero de r&aacute;dios no ar sem outorga, comunit&aacute;rias ou n&atilde;o, chegue a 12 mil. Segundo a Associa&ccedil;&atilde;o Brasileira de Emissoras de R&aacute;dio e TV (Abert), n&atilde;o h&aacute; informa&ccedil;&atilde;o exata sobre o n&uacute;mero de r&aacute;dios operando sem autoriza&ccedil;&atilde;o, mas a estimativa &eacute; que existam 10 mil emissoras nessa situa&ccedil;&atilde;o. Para o diretor-geral da Abert, Luis Roberto Antonik, as r&aacute;dios irregulares representam uma concorr&ecirc;ncia desleal &agrave;s emissoras regularizadas, al&eacute;m de causarem interfer&ecirc;ncias no tr&aacute;fego a&eacute;reo e reduzirem a qualidade da transmiss&atilde;o das r&aacute;dios legais.<\/p>\n<p>O n&uacute;mero total de r&aacute;dios legais no Pa&iacute;s &eacute; de 9,1 mil. Destas, 3,9 mil s&atilde;o r&aacute;dios comunit&aacute;rias. A Abra&ccedil;o considera &ldquo;insignificante&rdquo; o n&uacute;mero de emissoras autorizadas pelo Minist&eacute;rio das Comunica&ccedil;&otilde;es a executar os servi&ccedil;os de radiodifus&atilde;o comunit&aacute;ria. &ldquo;Ap&oacute;s mais de 12 anos da Lei 9.612\/98, que criou o sistema de Radiodifus&atilde;o Comunit&aacute;ria no Brasil, quase 50% dos munic&iacute;pios brasileiros n&atilde;o possuem uma r&aacute;dio comunit&aacute;ria autorizada, sem contar que s&atilde;o 22,3 mil processos abertos no Minist&eacute;rio das Comunica&ccedil;&otilde;es e apenas 16% dos pedidos foram atendidos&rdquo;, afirma Joaquim Carlos Carvalho, coordenador jur&iacute;dico da Abra&ccedil;o.<\/p>\n<p>Segundo a entidade, h&aacute; processos de solicita&ccedil;&atilde;o de autoriza&ccedil;&atilde;o para r&aacute;dios comunit&aacute;rias que tramitam h&aacute; mais de 11 anos no Minist&eacute;rio das Comunica&ccedil;&otilde;es. O tempo m&eacute;dio de tramita&ccedil;&atilde;o dos processos &eacute; de tr&ecirc;s anos. Por esses motivos, a entidade rejeita o termo &ldquo;pirata&rdquo; e considera como &ldquo;comunit&aacute;ria&rdquo; toda emissora sem fins lucrativos, que, mesmo sem a autoriza&ccedil;&atilde;o governamental, seja aberta &agrave; participa&ccedil;&atilde;o da comunidade, tenha um conselho comunit&aacute;rio e possua uma gest&atilde;o democr&aacute;tica.<\/p>\n<p><strong>Uso&nbsp;pol&iacute;tico<\/strong><\/p>\n<p>Os comunicadores comunit&aacute;rios condenam ainda o que chamam de &quot;r&aacute;dios picaret&aacute;rias&quot; &#8211; aquelas, com autoriza&ccedil;&atilde;o ou n&atilde;o, administradas por religiosos, pol&iacute;ticos ou pequenos comerciantes. A pesquisa &quot;R&aacute;dios Comunit&aacute;rias: Coronelismo Eletr&ocirc;nico de Novo Tipo (1999-2004)&quot;, realizada pelo consultor legislativo Cristiano Aguiar e pelo pesquisador Ven&iacute;cio Lima, revelou que mais da metade das emissoras comunit&aacute;rias autorizadas pelo Poder P&uacute;blico a operar entre 1999 e 2004 possu&iacute;a vincula&ccedil;&atilde;o com grupos religiosos ou pol&iacute;ticos. A Lei 9.612\/98, que trata do Servi&ccedil;o de Radiodifus&atilde;o Comunit&aacute;ria, veda a pr&aacute;tica.<\/p>\n<p>O relat&oacute;rio final da subcomiss&atilde;o especial que analisou mudan&ccedil;as nas normas de aprecia&ccedil;&atilde;o dos atos de outorga e renova&ccedil;&atilde;o de concess&atilde;o de r&aacute;dio e TV, aprovado pela Comiss&atilde;o de Ci&ecirc;ncia, Tecnologia, Comunica&ccedil;&atilde;o e Inform&aacute;tica em dezembro de 2008, considera que uma s&eacute;rie de problemas prejudica o &ldquo;crescimento saud&aacute;vel do sistema de r&aacute;dio comunit&aacute;ria no Brasil&rdquo;. Entre esses problemas, o relat&oacute;rio cita as restri&ccedil;&otilde;es legais impostas ao servi&ccedil;o; a morosidade dos processos; a lentid&atilde;o do Poder Executivo em lan&ccedil;ar comunicados de habilita&ccedil;&atilde;o; e o n&uacute;mero excessivo de processos de autoriza&ccedil;&atilde;o de funcionamento arquivados (&agrave; &eacute;poca, mais de 6.500). <\/p>\n<p>As sugest&otilde;es apresentadas no relat&oacute;rio foram encaminhadas ao Poder Executivo, por meio da Indica&ccedil;&atilde;o 584\/07, que recomendou, entre outros pontos, a publica&ccedil;&atilde;o peri&oacute;dica de avisos de habilita&ccedil;&atilde;o para radiodifus&atilde;o comunit&aacute;ria e a simplifica&ccedil;&atilde;o dos processos de outorga para radiodifus&atilde;o, por meio da diminui&ccedil;&atilde;o do n&uacute;mero de documentos exigidos pelo Poder Executivo.<\/p>\n<p>   \t \t \t \t \t<!-- \t\t@page { margin: 2cm } \t\tP { margin-bottom: 0.21cm } \t--> \t  <\/p>\n<p style=\"margin-bottom: 0cm\" class=\"western\"><a href=\"http:\/\/www2.camara.gov.br\/agencia\/noticias\/COMUNICACAO\/149573-CONFIRA-OUTRAS-PROPOSTAS-SOBRE-RADIO-COMUNITARIA-EM-TRAMITACAO-NA-CAMARA.html\" target=\"_blank\">* Confira algumas propostas sobre r&aacute;dio comunit&aacute;ria em tramita&ccedil;&atilde;o na C&acirc;mara<\/a> <\/p>\n<p><a href=\"http:\/\/www2.camara.gov.br\/agencia\/noticias\/COMUNICACAO\/149574-ANISTIA-PARA-OPERACAO-ILEGAL-DE-RADIO-COMUNITARIA-CAUSA-POLEMICA.html\" target=\"_blank\">* Anistia para opera&ccedil;&atilde;o ilegal de r&aacute;dio comunit&aacute;ria causa pol&ecirc;mica<\/a> <\/p>\n<p> <em>Edi&ccedil;&atilde;o &#8211; Paulo Cesar Santos<\/em><\/p>\n<p>&nbsp;<\/p>\n","protected":false},"excerpt":{"rendered":"<p>Radiodifusores comerciais e comunit&aacute;rios travam dentro e fora do Congresso Nacional disputa em torno das r&aacute;dios comunit&aacute;riasEmissoras de r&aacute;dio FM sem fins lucrativos, operadas em baixa pot&ecirc;ncia e de cobertura restrita ao bairro em que se localizam, outorgadas a funda&ccedil;&otilde;es e associa&ccedil;&otilde;es comunit&aacute;rias. Previsto na Lei 9612\/98, o Servi&ccedil;o de Radiodifus&atilde;o Comunit&aacute;ria tem como objetivos: &hellip; <a href=\"https:\/\/obscom.intervozes.org.br\/?p=24660\" class=\"more-link\">Continue lendo <span class=\"screen-reader-text\">Disputa entre radiodifusores emperra mudan\u00e7as em lei de r\u00e1dios comunit\u00e1rias<\/span> <span class=\"meta-nav\">&rarr;<\/span><\/a><\/p>\n","protected":false},"author":1,"featured_media":0,"comment_status":"open","ping_status":"open","sticky":false,"template":"","format":"standard","meta":{"footnotes":""},"categories":[40],"tags":[155],"_links":{"self":[{"href":"https:\/\/obscom.intervozes.org.br\/index.php?rest_route=\/wp\/v2\/posts\/24660"}],"collection":[{"href":"https:\/\/obscom.intervozes.org.br\/index.php?rest_route=\/wp\/v2\/posts"}],"about":[{"href":"https:\/\/obscom.intervozes.org.br\/index.php?rest_route=\/wp\/v2\/types\/post"}],"author":[{"embeddable":true,"href":"https:\/\/obscom.intervozes.org.br\/index.php?rest_route=\/wp\/v2\/users\/1"}],"replies":[{"embeddable":true,"href":"https:\/\/obscom.intervozes.org.br\/index.php?rest_route=%2Fwp%2Fv2%2Fcomments&post=24660"}],"version-history":[{"count":0,"href":"https:\/\/obscom.intervozes.org.br\/index.php?rest_route=\/wp\/v2\/posts\/24660\/revisions"}],"wp:attachment":[{"href":"https:\/\/obscom.intervozes.org.br\/index.php?rest_route=%2Fwp%2Fv2%2Fmedia&parent=24660"}],"wp:term":[{"taxonomy":"category","embeddable":true,"href":"https:\/\/obscom.intervozes.org.br\/index.php?rest_route=%2Fwp%2Fv2%2Fcategories&post=24660"},{"taxonomy":"post_tag","embeddable":true,"href":"https:\/\/obscom.intervozes.org.br\/index.php?rest_route=%2Fwp%2Fv2%2Ftags&post=24660"}],"curies":[{"name":"wp","href":"https:\/\/api.w.org\/{rel}","templated":true}]}}