{"id":24656,"date":"2010-07-12T17:54:02","date_gmt":"2010-07-12T17:54:02","guid":{"rendered":"https:\/\/obscom.intervozes.org.br\/wordpress\/?p=24656"},"modified":"2010-07-12T17:54:02","modified_gmt":"2010-07-12T17:54:02","slug":"tv-cultura-nega-conflito-politico-por-afastamento-de-jornalista-da-direcao","status":"publish","type":"post","link":"https:\/\/obscom.intervozes.org.br\/?p=24656","title":{"rendered":"TV Cultura nega conflito pol\u00edtico por afastamento de jornalista da dire\u00e7\u00e3o"},"content":{"rendered":"<p>   \t \t \t \t \t<!-- \t\t@page { margin: 2cm } \t\tP { margin-bottom: 0.21cm } \t--> \t  <\/p>\n<p style=\"margin-bottom: 0cm\" class=\"padrao\">A TV Cultura negou a informa&ccedil;&atilde;o que o afastamento de Gabriel Priolli da dire&ccedil;&atilde;o de jornalismo da emissora tenha motiva&ccedil;&atilde;o pol&iacute;tica. Segundo informa&ccedil;&otilde;es veiculadas no <em>O Estado de S. Paulo<\/em> e <em>Folha de S. Paulo<\/em> de domingo e desta segunda-feira (12\/07), o jornalista teria sido afastado do cargo por sugerir uma pauta sobre os problemas nos ped&aacute;gios das rodovias paulistas, na &uacute;ltima quinta-feira (08\/07). A TV Cultura desmentiu a informa&ccedil;&atilde;o e afirmou que Priolli foi remanejado para a vice-presid&ecirc;ncia de gest&atilde;o da emissora.<\/p>\n<p>De acordo com a emissora, Priolli apenas prestava apoio &agrave; dire&ccedil;&atilde;o de jornalismo, logo ap&oacute;s a sa&iacute;da repentina de Paulo Foga&ccedil;a. A partir de agora, o jornalista assessora a vice-presid&ecirc;ncia de gest&atilde;o da TV Cultura, dirigida por Ronaldo Bianchi. Priolli atuou por dez dias como coordenador de jornalismo da emissora, antes ele exercia o cargo de coordenador de expans&atilde;o e rede da TV Cultura.<\/p>\n<p>Sobre a reportagem a respeito dos ped&aacute;gios, a emissora informou que a mat&eacute;ria n&atilde;o foi exibida na quinta-feira (08\/07) por n&atilde;o ter ouvido todos os candidatos ao governo de SP, mas disse que foi veiculada normalmente no dia seguinte.<\/p>\n<p>A suspeita de que o afastamento do cargo tenha inger&ecirc;ncia pol&iacute;tica foi motivada pelo fato do tucano Jos&eacute; Serra ter influ&ecirc;ncia na emissora, j&aacute; que indicou seu ex-secret&aacute;rio de Cultura, Jo&atilde;o Sayad, para assumir a presid&ecirc;ncia da TV Cultura.<\/p>\n<p>Segundo Sayad, a escolha de Priolli para a dire&ccedil;&atilde;o de jornalismo foi &ldquo;equivocada&rdquo; e por isso a emissora agiu rapidamente no remanejamento, informou ao <em>Estad&atilde;o<\/em>. O presidente da emissora negou qualquer influ&ecirc;ncia pol&iacute;tica na escolha.<\/p>\n<p>O PT-SP anunciou que ir&aacute; pedir ao Minist&eacute;rio P&uacute;blico Eleitoral que apure o afastamento de Priolli.<\/p>\n","protected":false},"excerpt":{"rendered":"<p>A TV Cultura negou a informa&ccedil;&atilde;o que o afastamento de Gabriel Priolli da dire&ccedil;&atilde;o de jornalismo da emissora tenha motiva&ccedil;&atilde;o pol&iacute;tica. Segundo informa&ccedil;&otilde;es veiculadas no O Estado de S. Paulo e Folha de S. Paulo de domingo e desta segunda-feira (12\/07), o jornalista teria sido afastado do cargo por sugerir uma pauta sobre os problemas &hellip; <a href=\"https:\/\/obscom.intervozes.org.br\/?p=24656\" class=\"more-link\">Continue lendo <span class=\"screen-reader-text\">TV Cultura nega conflito pol\u00edtico por afastamento de jornalista da dire\u00e7\u00e3o<\/span> <span class=\"meta-nav\">&rarr;<\/span><\/a><\/p>\n","protected":false},"author":1,"featured_media":0,"comment_status":"open","ping_status":"open","sticky":false,"template":"","format":"standard","meta":{"footnotes":""},"categories":[40],"tags":[1311],"_links":{"self":[{"href":"https:\/\/obscom.intervozes.org.br\/index.php?rest_route=\/wp\/v2\/posts\/24656"}],"collection":[{"href":"https:\/\/obscom.intervozes.org.br\/index.php?rest_route=\/wp\/v2\/posts"}],"about":[{"href":"https:\/\/obscom.intervozes.org.br\/index.php?rest_route=\/wp\/v2\/types\/post"}],"author":[{"embeddable":true,"href":"https:\/\/obscom.intervozes.org.br\/index.php?rest_route=\/wp\/v2\/users\/1"}],"replies":[{"embeddable":true,"href":"https:\/\/obscom.intervozes.org.br\/index.php?rest_route=%2Fwp%2Fv2%2Fcomments&post=24656"}],"version-history":[{"count":0,"href":"https:\/\/obscom.intervozes.org.br\/index.php?rest_route=\/wp\/v2\/posts\/24656\/revisions"}],"wp:attachment":[{"href":"https:\/\/obscom.intervozes.org.br\/index.php?rest_route=%2Fwp%2Fv2%2Fmedia&parent=24656"}],"wp:term":[{"taxonomy":"category","embeddable":true,"href":"https:\/\/obscom.intervozes.org.br\/index.php?rest_route=%2Fwp%2Fv2%2Fcategories&post=24656"},{"taxonomy":"post_tag","embeddable":true,"href":"https:\/\/obscom.intervozes.org.br\/index.php?rest_route=%2Fwp%2Fv2%2Ftags&post=24656"}],"curies":[{"name":"wp","href":"https:\/\/api.w.org\/{rel}","templated":true}]}}