{"id":24632,"date":"2010-07-06T16:05:51","date_gmt":"2010-07-06T16:05:51","guid":{"rendered":"https:\/\/obscom.intervozes.org.br\/wordpress\/?p=24632"},"modified":"2010-07-06T16:05:51","modified_gmt":"2010-07-06T16:05:51","slug":"vai-a-camara-projeto-que-da-ao-senado-poder-de-aprovar-presidente-da-ebc","status":"publish","type":"post","link":"https:\/\/obscom.intervozes.org.br\/?p=24632","title":{"rendered":"Vai \u00e0 C\u00e2mara projeto que d\u00e1 ao Senado poder de aprovar presidente da EBC"},"content":{"rendered":"<p>   \t \t \t \t \t<!-- \t\t@page { margin: 2cm } \t\tP { margin-bottom: 0.21cm } \t--> \t  <\/p>\n<p style=\"margin-bottom: 0cm\" class=\"padrao\">As indica&ccedil;&otilde;es feitas pelo presidente da Rep&uacute;blica dos futuros diretores-presidentes da Empresa Brasil de Comunica&ccedil;&atilde;o (EBC), gestora da TV Brasil, podem passar a ser submetidas ao Senado Federal. A medida consta do Projeto de Lei do Senado (PLS) 529\/09, de autoria do senador Renato Casagrande (PSB-ES). <\/p>\n<p>Aprovada no dia 16 de junho em decis&atilde;o terminativa, pela Comiss&atilde;o de Ci&ecirc;ncia, Tecnologia, Inova&ccedil;&atilde;o, Comunica&ccedil;&atilde;o e Inform&aacute;tica (CCT), a mat&eacute;ria n&atilde;o recebeu recurso para an&aacute;lise em Plen&aacute;rio e seguiu nesta segunda-feira (05) para a C&acirc;mara dos Deputados.<\/p>\n<p>O projeto modifica a Lei 11.652\/08, que criou a EBC, para incluir um par&aacute;grafo ao artigo 19, que trata da composi&ccedil;&atilde;o da diretoria da empresa. Segundo o par&aacute;grafo, o diretor-presidente ser&aacute; nomeado pelo presidente da Rep&uacute;blica, ap&oacute;s aprova&ccedil;&atilde;o do Senado, nos termos da al&iacute;nea f do inciso III do artigo 52 da Constitui&ccedil;&atilde;o. Ou seja, a nomea&ccedil;&atilde;o do diretor-presidente da EBC passa a necessitar do aval do Senado, da mesma forma que as nomea&ccedil;&otilde;es do presidente e de diretores do Banco Central e do procurador-geral da Rep&uacute;blica, entre outros cargos.<\/p>\n<p>A inclus&atilde;o do cargo de diretor-presidente da EBC entre os que precisam de aprova&ccedil;&atilde;o do Senado permitir&aacute; que as futuras nomea&ccedil;&otilde;es &quot;n&atilde;o sejam resultantes unicamente da vontade soberana do governante ou baseadas em crit&eacute;rios de conveni&ecirc;ncia pol&iacute;tica&quot;, na opini&atilde;o do relator do projeto, senador Antonio Carlos J&uacute;nior (DEM-BA).<\/p>\n<p>&#8211; Pretende-se garantir, portanto, que tais cargos sejam ocupados apenas por pessoas com comprovada idoneidade e capacidade para o exerc&iacute;cio das fun&ccedil;&otilde;es a eles afetas &#8211; disse o relator.<\/p>\n<p>Atualmente a EBC &eacute; presidida pela jornalista Tereza Cruvinel. Formada em Jornalismo pela Universidade de Bras&iacute;lia (UnB), &eacute; mestre em Comunica&ccedil;&atilde;o Social, com orienta&ccedil;&atilde;o para M&iacute;dia e Pol&iacute;tica, pela mesma universidade. Trabalhou na TV Bras&iacute;lia, <em>Jornal de Bras&iacute;lia<\/em>, <em>Correio Braziliense<\/em>, <em>Jornal do Brasil <\/em>e <em>O Globo<\/em>.<\/p>\n","protected":false},"excerpt":{"rendered":"<p>As indica&ccedil;&otilde;es feitas pelo presidente da Rep&uacute;blica dos futuros diretores-presidentes da Empresa Brasil de Comunica&ccedil;&atilde;o (EBC), gestora da TV Brasil, podem passar a ser submetidas ao Senado Federal. A medida consta do Projeto de Lei do Senado (PLS) 529\/09, de autoria do senador Renato Casagrande (PSB-ES). Aprovada no dia 16 de junho em decis&atilde;o terminativa, &hellip; <a href=\"https:\/\/obscom.intervozes.org.br\/?p=24632\" class=\"more-link\">Continue lendo <span class=\"screen-reader-text\">Vai \u00e0 C\u00e2mara projeto que d\u00e1 ao Senado poder de aprovar presidente da EBC<\/span> <span class=\"meta-nav\">&rarr;<\/span><\/a><\/p>\n","protected":false},"author":1,"featured_media":0,"comment_status":"open","ping_status":"open","sticky":false,"template":"","format":"standard","meta":{"footnotes":""},"categories":[40],"tags":[163],"_links":{"self":[{"href":"https:\/\/obscom.intervozes.org.br\/index.php?rest_route=\/wp\/v2\/posts\/24632"}],"collection":[{"href":"https:\/\/obscom.intervozes.org.br\/index.php?rest_route=\/wp\/v2\/posts"}],"about":[{"href":"https:\/\/obscom.intervozes.org.br\/index.php?rest_route=\/wp\/v2\/types\/post"}],"author":[{"embeddable":true,"href":"https:\/\/obscom.intervozes.org.br\/index.php?rest_route=\/wp\/v2\/users\/1"}],"replies":[{"embeddable":true,"href":"https:\/\/obscom.intervozes.org.br\/index.php?rest_route=%2Fwp%2Fv2%2Fcomments&post=24632"}],"version-history":[{"count":0,"href":"https:\/\/obscom.intervozes.org.br\/index.php?rest_route=\/wp\/v2\/posts\/24632\/revisions"}],"wp:attachment":[{"href":"https:\/\/obscom.intervozes.org.br\/index.php?rest_route=%2Fwp%2Fv2%2Fmedia&parent=24632"}],"wp:term":[{"taxonomy":"category","embeddable":true,"href":"https:\/\/obscom.intervozes.org.br\/index.php?rest_route=%2Fwp%2Fv2%2Fcategories&post=24632"},{"taxonomy":"post_tag","embeddable":true,"href":"https:\/\/obscom.intervozes.org.br\/index.php?rest_route=%2Fwp%2Fv2%2Ftags&post=24632"}],"curies":[{"name":"wp","href":"https:\/\/api.w.org\/{rel}","templated":true}]}}