{"id":24630,"date":"2010-07-05T17:50:21","date_gmt":"2010-07-05T17:50:21","guid":{"rendered":"https:\/\/obscom.intervozes.org.br\/wordpress\/?p=24630"},"modified":"2010-07-05T17:50:21","modified_gmt":"2010-07-05T17:50:21","slug":"tvs-tem-1-ano-para-oferecer-2-horas-de-programacao-com-audiodescricao","status":"publish","type":"post","link":"https:\/\/obscom.intervozes.org.br\/?p=24630","title":{"rendered":"TVs tem 1 ano para oferecer 2 horas de programa\u00e7\u00e3o com audiodescri\u00e7\u00e3o"},"content":{"rendered":"<p>   \t \t \t \t \t<!-- \t\t@page { margin: 2cm } \t\tP { margin-bottom: 0.21cm } \t--> \t  <\/p>\n<p style=\"margin-bottom: 0cm\" class=\"padrao\">Desde a quinta-feira (1), est&aacute; em curso o prazo de um ano para que as emissoras de TV passem a veicular pelo menos duas horas semanais de programa&ccedil;&atilde;o com audiodescri&ccedil;&atilde;o, recurso que permite que deficientes visuais acompanhem detalhes das cenas atrav&eacute;s da descri&ccedil;&atilde;o de imagens fundamentais &agrave; compreens&atilde;o do conte&uacute;do. <\/p>\n<p>A implementa&ccedil;&atilde;o da audiodescri&ccedil;&atilde;o est&aacute; regulamentada desde 2006, quando norma do Minist&eacute;rio das Comunica&ccedil;&otilde;es estabeleceu os par&acirc;metros para a adapta&ccedil;&atilde;o da programa&ccedil;&atilde;o. Por&eacute;m, por iniciativa do minist&eacute;rio a partir de demandas das emissoras comerciais, os prazos foram sendo seguidamente ampliados. <\/p>\n<p>Por fim, a norma que agora entra em vigor foi tamb&eacute;m modificada no seu conte&uacute;do [<a href=\"content.php?q=audiodescri%E7%E3o&amp;x=0&amp;y=0&amp;cx=016525706815759795552%3Ahsy-l4ibt6c&amp;cof=FORID%3A11&amp;ie=ISO-8859-1&amp;option=com_search&amp;searchword=obscom&amp;Itemid=\" target=\"_blank\">saiba mais<\/a>]. Originalmente, o texto previa que, no prazo de 10 anos, toda a programa&ccedil;&atilde;o fosse audiodescrita. Agora, a exig&ecirc;ncia &eacute; que, neste mesmo prazo, as emissoras que estejam funcionando no sistema digital ofere&ccedil;am pelo menos 20 horas por semana de programa&ccedil;&atilde;o adaptada.<\/p>\n","protected":false},"excerpt":{"rendered":"<p>Desde a quinta-feira (1), est&aacute; em curso o prazo de um ano para que as emissoras de TV passem a veicular pelo menos duas horas semanais de programa&ccedil;&atilde;o com audiodescri&ccedil;&atilde;o, recurso que permite que deficientes visuais acompanhem detalhes das cenas atrav&eacute;s da descri&ccedil;&atilde;o de imagens fundamentais &agrave; compreens&atilde;o do conte&uacute;do. A implementa&ccedil;&atilde;o da audiodescri&ccedil;&atilde;o est&aacute; &hellip; <a href=\"https:\/\/obscom.intervozes.org.br\/?p=24630\" class=\"more-link\">Continue lendo <span class=\"screen-reader-text\">TVs tem 1 ano para oferecer 2 horas de programa\u00e7\u00e3o com audiodescri\u00e7\u00e3o<\/span> <span class=\"meta-nav\">&rarr;<\/span><\/a><\/p>\n","protected":false},"author":1,"featured_media":0,"comment_status":"open","ping_status":"open","sticky":false,"template":"","format":"standard","meta":{"footnotes":""},"categories":[39],"tags":[],"_links":{"self":[{"href":"https:\/\/obscom.intervozes.org.br\/index.php?rest_route=\/wp\/v2\/posts\/24630"}],"collection":[{"href":"https:\/\/obscom.intervozes.org.br\/index.php?rest_route=\/wp\/v2\/posts"}],"about":[{"href":"https:\/\/obscom.intervozes.org.br\/index.php?rest_route=\/wp\/v2\/types\/post"}],"author":[{"embeddable":true,"href":"https:\/\/obscom.intervozes.org.br\/index.php?rest_route=\/wp\/v2\/users\/1"}],"replies":[{"embeddable":true,"href":"https:\/\/obscom.intervozes.org.br\/index.php?rest_route=%2Fwp%2Fv2%2Fcomments&post=24630"}],"version-history":[{"count":0,"href":"https:\/\/obscom.intervozes.org.br\/index.php?rest_route=\/wp\/v2\/posts\/24630\/revisions"}],"wp:attachment":[{"href":"https:\/\/obscom.intervozes.org.br\/index.php?rest_route=%2Fwp%2Fv2%2Fmedia&parent=24630"}],"wp:term":[{"taxonomy":"category","embeddable":true,"href":"https:\/\/obscom.intervozes.org.br\/index.php?rest_route=%2Fwp%2Fv2%2Fcategories&post=24630"},{"taxonomy":"post_tag","embeddable":true,"href":"https:\/\/obscom.intervozes.org.br\/index.php?rest_route=%2Fwp%2Fv2%2Ftags&post=24630"}],"curies":[{"name":"wp","href":"https:\/\/api.w.org\/{rel}","templated":true}]}}