{"id":24622,"date":"2010-07-05T16:20:12","date_gmt":"2010-07-05T16:20:12","guid":{"rendered":"https:\/\/obscom.intervozes.org.br\/wordpress\/?p=24622"},"modified":"2010-07-05T16:20:12","modified_gmt":"2010-07-05T16:20:12","slug":"na-finlandia-e-lei-toda-a-populacao-deve-ter-banda-larga","status":"publish","type":"post","link":"https:\/\/obscom.intervozes.org.br\/?p=24622","title":{"rendered":"Na Finl\u00e2ndia \u00e9 lei: toda a popula\u00e7\u00e3o deve ter banda larga"},"content":{"rendered":"<p>   \t \t \t \t \t<!-- \t\t@page { margin: 2cm } \t\tP { margin-bottom: 0.21cm } \t--> \t  <\/p>\n<p style=\"margin-bottom: 0cm\" class=\"padrao\"><a name=\"lblTitulo2\" title=\"lblTitulo2\"><\/a><a name=\"lblTexto2\" title=\"lblTexto2\"><\/a><strong>Reproduzido do TeleTime News<\/strong><\/p>\n<p>A Finl&acirc;ndia &eacute; o primeiro pa&iacute;s a tornar o acesso &agrave; banda larga num &quot;direito para todos os cidad&atilde;os&quot;. A lei entrou em vigor na &uacute;ltima quinta-feira, 1, e assegura que todo o cidad&atilde;o finland&ecirc;s tem o direito de acessar &agrave; Internet a uma velocidade m&iacute;nima de 1 Mbps. O compromisso do governo &eacute; que at&eacute; 2015 toda a popula&ccedil;&atilde;o tenha acesso a uma velocidade de 100 Mbps. <\/p>\n<p>A lei obriga que todas as empresas de telecomunica&ccedil;&otilde;es do pa&iacute;s ofere&ccedil;am pre&ccedil;os razo&aacute;veis para que qualquer pessoa possa usufruir da Internet em alta velocidade. O valor por m&ecirc;s ser&aacute; em torno de 30 euros a 40 euros. &quot;Os servi&ccedil;os de Internet n&atilde;o t&ecirc;m s&oacute; a fun&ccedil;&atilde;o de entreter&quot;, disse a ministra das comunica&ccedil;&otilde;es da Finl&acirc;ndia, Suvi Linden. Ela acrescentou ainda que o governo finland&ecirc;s trabalha intensamente &quot;para desenvolver uma sociedade informatizada&quot; e h&aacute; dois anos percebem que &quot;nem todos tinham acesso &agrave; rede&quot;. Estima-se que na Finl&acirc;ndia 96% da popula&ccedil;&atilde;o j&aacute; tenha acesso &agrave; web. <em>(Da reda&ccedil;&atilde;o)<\/em><\/p>\n","protected":false},"excerpt":{"rendered":"<p>Reproduzido do TeleTime News A Finl&acirc;ndia &eacute; o primeiro pa&iacute;s a tornar o acesso &agrave; banda larga num &quot;direito para todos os cidad&atilde;os&quot;. A lei entrou em vigor na &uacute;ltima quinta-feira, 1, e assegura que todo o cidad&atilde;o finland&ecirc;s tem o direito de acessar &agrave; Internet a uma velocidade m&iacute;nima de 1 Mbps. O compromisso &hellip; <a href=\"https:\/\/obscom.intervozes.org.br\/?p=24622\" class=\"more-link\">Continue lendo <span class=\"screen-reader-text\">Na Finl\u00e2ndia \u00e9 lei: toda a popula\u00e7\u00e3o deve ter banda larga<\/span> <span class=\"meta-nav\">&rarr;<\/span><\/a><\/p>\n","protected":false},"author":1,"featured_media":0,"comment_status":"open","ping_status":"open","sticky":false,"template":"","format":"standard","meta":{"footnotes":""},"categories":[39],"tags":[],"_links":{"self":[{"href":"https:\/\/obscom.intervozes.org.br\/index.php?rest_route=\/wp\/v2\/posts\/24622"}],"collection":[{"href":"https:\/\/obscom.intervozes.org.br\/index.php?rest_route=\/wp\/v2\/posts"}],"about":[{"href":"https:\/\/obscom.intervozes.org.br\/index.php?rest_route=\/wp\/v2\/types\/post"}],"author":[{"embeddable":true,"href":"https:\/\/obscom.intervozes.org.br\/index.php?rest_route=\/wp\/v2\/users\/1"}],"replies":[{"embeddable":true,"href":"https:\/\/obscom.intervozes.org.br\/index.php?rest_route=%2Fwp%2Fv2%2Fcomments&post=24622"}],"version-history":[{"count":0,"href":"https:\/\/obscom.intervozes.org.br\/index.php?rest_route=\/wp\/v2\/posts\/24622\/revisions"}],"wp:attachment":[{"href":"https:\/\/obscom.intervozes.org.br\/index.php?rest_route=%2Fwp%2Fv2%2Fmedia&parent=24622"}],"wp:term":[{"taxonomy":"category","embeddable":true,"href":"https:\/\/obscom.intervozes.org.br\/index.php?rest_route=%2Fwp%2Fv2%2Fcategories&post=24622"},{"taxonomy":"post_tag","embeddable":true,"href":"https:\/\/obscom.intervozes.org.br\/index.php?rest_route=%2Fwp%2Fv2%2Ftags&post=24622"}],"curies":[{"name":"wp","href":"https:\/\/api.w.org\/{rel}","templated":true}]}}