{"id":24619,"date":"2010-07-02T23:18:54","date_gmt":"2010-07-02T23:18:54","guid":{"rendered":"https:\/\/obscom.intervozes.org.br\/wordpress\/?p=24619"},"modified":"2014-09-07T03:00:21","modified_gmt":"2014-09-07T03:00:21","slug":"organizacoes-sociais-escolhem-resolucoes-prioritarias","status":"publish","type":"post","link":"https:\/\/obscom.intervozes.org.br\/?p=24619","title":{"rendered":"Organiza\u00e7\u00f5es sociais escolhem resolu\u00e7\u00f5es priorit\u00e1rias"},"content":{"rendered":"<p> \t<!-- \t\t@page { margin: 2cm } \t\tP { margin-bottom: 0.21cm } \t--> \t <\/p>\n<p style=\"margin-bottom: 0cm\" class=\"padrao\">Uma das dificuldades para a implementa&ccedil;&atilde;o das resolu&ccedil;&otilde;es da Confer&ecirc;ncia Nacional de Comunica&ccedil;&atilde;o (Confecom) &eacute; a extensa quantidade de propostas que foram aprovadas na plen&aacute;ria final do encontro nacional. As mais de 600 resolu&ccedil;&otilde;es geraram um cen&aacute;rio de falta de foco e de prioriza&ccedil;&atilde;o de temas e de a&ccedil;&otilde;es. Para tentar minimizar esse problema, cerca de 50 pessoas de v&aacute;rias entidades nacionais e estaduais se reuniram em Bras&iacute;lia nesta quinta-feira (1) e escolheram aproximadamente 70 propostas consideradas priorit&aacute;rias para a sociedade civil.<\/p>\n<p>A ideia dos organizadores do semin&aacute;rio n&atilde;o foi de alterar ou retirar propostas e nem de bater o martelo sobre o que &eacute; mais ou menos importante na vis&atilde;o das organiza&ccedil;&otilde;es e movimentos sociais que participaram do processo da Confecom. O objetivo foi criar uma contribui&ccedil;&atilde;o para que o movimento de comunica&ccedil;&atilde;o debatesse prioridades. O documento final deve circular pela internet para avalia&ccedil;&atilde;o dos que n&atilde;o puderam comparecer em Bras&iacute;lia neste semin&aacute;rio.<\/p>\n<p>Com essas prioridades que foram sugeridas no semin&aacute;rio, pretende-se que as propostas escolhidas ganhem mais for&ccedil;a que as outras e que, por consequencia, tenham mais condi&ccedil;&atilde;o de sa&iacute;rem do papel. N&atilde;o deve ser uma tarefa f&aacute;cil a curto prazo, j&aacute; que o Parlamento vai andar a passos lentos por causa do calend&aacute;rio eleitoral este ano. Al&eacute;m disso, o ministro-chefe da Secretaria de Comunica&ccedil;&atilde;o Social, Franklin Martins, j&aacute; afirmou que o papel deste governo seria apenas classificar as propostas [<a href=\"http:\/\/localhost\/intervozes_direitoacomunicacao\/wordpress\/?p=24513\">saiba mais<\/a>].<\/p>\n<p>As propostas elencadas como priorit&aacute;rias foram selecionadas abarcando todos os temas tratados na Confecom. Elas devem ainda passar por uma sistematiza&ccedil;&atilde;o e ser&atilde;o divulgadas a partir do pr&oacute;ximo dia 19, por meio de uma videoconfer&ecirc;ncia. &ldquo;Essa &eacute; a nossa plataforma para a batalha eleitoral de 2010. &Eacute; com ela que vamos tentar comprometer os candidatos&rdquo;, disse o jornalista do Portal Vermelho e presidente do Centro de Estudos da M&iacute;dia Alternativa Bar&atilde;o de Itarar&eacute;, Altamiro Borges.<\/p>\n<p><strong>Propostas<\/strong><\/p>\n<p>Uma delas diz respeito ao financiamento e est&iacute;mulo &agrave; produ&ccedil;&atilde;o independente e regional de conte&uacute;dos educativos. A ideia &eacute; mapear todos os fundos existentes em &acirc;mbito federal e local que tenham como objetivo o apoio a este tipo de produto de comunica&ccedil;&atilde;o. E que as organiza&ccedil;&otilde;es sociais articulem a cria&ccedil;&atilde;o destes mecanismos onde eles n&atilde;o existam.<\/p>\n<p>Outra prioridade seria a resolu&ccedil;&atilde;o que cria um sistema p&uacute;blico de distribui&ccedil;&atilde;o f&iacute;sica de conte&uacute;dos produzidos pelas redes de comunica&ccedil;&atilde;o e cultura, garantindo que a produ&ccedil;&atilde;o cultural financiada com dinheiro p&uacute;blico seja exibida e distribu&iacute;da de forma livre em creative commons.<\/p>\n<p>Para a deputada federal Luiza Erundina (PSB-SP), que foi uma das representantes da C&acirc;mara na Confecom, a efic&aacute;cia dos encaminhamentos da Confer&ecirc;ncia vai depender do n&iacute;vel de mobiliza&ccedil;&atilde;o e protagonismo da sociedade civil. Ela entende que o Plano Nacional de Banda Larga, por exemplo, foi acelerado pela press&atilde;o dos movimentos da &aacute;rea e da popula&ccedil;&atilde;o.&ldquo;Precisamos ampliar e preservar as conquistas&rdquo;, afirma a deputada, que foi uma das proponentes do semin&aacute;rio.<\/p>\n<p>Um estudo feito pelo deputado Paulo Henrique Lustosa (PMDB-CE) mostra que cerca de 35% das propostas aprovadas na Confecom implicam em alguma forma de a&ccedil;&atilde;o legislativa no Congresso Nacional. Al&eacute;m disso, o relat&oacute;rio informa que, deste percentual, que representa 222 propostas, dois ter&ccedil;os (148) j&aacute; s&atilde;o motivo de alguma a&ccedil;&atilde;o, como projetos de lei, em pelo menos uma das casas legislativas do pa&iacute;s (C&acirc;mara e Senado).<\/p>\n<p><strong>Articula&ccedil;&atilde;o<\/strong><\/p>\n<p>A prioriza&ccedil;&atilde;o das propostas n&atilde;o foi o &uacute;nico resultado do semin&aacute;rio de Bras&iacute;lia. Tamb&eacute;m foi discutida a melhor forma do movimento de comunica&ccedil;&atilde;o continuar organizado. Embora n&atilde;o tenha sido um consenso entre as entidades, a maioria decidiu manter e ampliar a Comiss&atilde;o Nacional Pr&oacute;-Confer&ecirc;ncia (CNPC), articula&ccedil;&atilde;o que surgiu para mobilizar a sociedade civil antes da Confecom.<\/p>\n<p>A integrante do Conselho Federal de Psicologia e da coordena&ccedil;&atilde;o executiva do F&oacute;rum Nacional pela Democratiza&ccedil;&atilde;o da Comunica&ccedil;&atilde;o (FNDC), Roseli Goffman, discordou da revitaliza&ccedil;&atilde;o da CNPC. &ldquo;N&atilde;o &eacute; um momento em que h&aacute; for&ccedil;a pol&iacute;tica para nossas institui&ccedil;&otilde;es comparecerem porque n&oacute;s estamos disputando elei&ccedil;&otilde;es nas nossas entidades&rdquo;, opinou. Segundo ela, a estrat&eacute;gia do FNDC &eacute; revitalizar seus f&oacute;runs locais e criar novos onde n&atilde;o existirem.<\/p>\n<p>Por&eacute;m, dentro do pr&oacute;prio FNDC existem posi&ccedil;&otilde;es diferentes. O coordenador da Federa&ccedil;&atilde;o Interestadual dos Trabalhadores em Empresas de Radiodifus&atilde;o e Televis&atilde;o (Fitert), Nascimento Silva, disse que o F&oacute;rum ainda n&atilde;o bateu o martelo sobre o assunto. &ldquo;Temos que manter a CNPC do jeito que ela est&aacute;&rdquo;, afirmou.<\/p>\n<p>As reuni&otilde;es da CNPC devem acontecer mensalmente. Al&eacute;m disso, foram encaminhadas outras a&ccedil;&otilde;es, como a manuten&ccedil;&atilde;o de um di&aacute;logo mais pr&oacute;ximo com as comiss&otilde;es estaduais e a tentativa de realizar um debate com os candidatos &agrave; Presid&ecirc;ncia da Rep&uacute;blica.<\/p>\n<p>Al&eacute;m de Luiza Erundina, pela Comiss&atilde;o de Ci&ecirc;ncia e Tecnologia, Comunica&ccedil;&atilde;o e Inform&aacute;tica, o semin&aacute;rio tamb&eacute;m contou com a co-realiza&ccedil;&atilde;o da deputada Iriny Lopes (PT-ES), pela Comiss&atilde;o de Direitos Humanos e Minorias, e de entidades da sociedade civil. O evento foi realizado na C&acirc;mara dos Deputados.<\/p>\n","protected":false},"excerpt":{"rendered":"<p>Em semin&aacute;rio, entidades nacionais e estaduais discutiram estrat&eacute;gias para fazer principais demandas aprovadas na Confer&ecirc;ncia sa&iacute;rem do papel<\/p>\n","protected":false},"author":1,"featured_media":0,"comment_status":"open","ping_status":"open","sticky":false,"template":"","format":"standard","meta":{"footnotes":""},"categories":[40],"tags":[1012],"_links":{"self":[{"href":"https:\/\/obscom.intervozes.org.br\/index.php?rest_route=\/wp\/v2\/posts\/24619"}],"collection":[{"href":"https:\/\/obscom.intervozes.org.br\/index.php?rest_route=\/wp\/v2\/posts"}],"about":[{"href":"https:\/\/obscom.intervozes.org.br\/index.php?rest_route=\/wp\/v2\/types\/post"}],"author":[{"embeddable":true,"href":"https:\/\/obscom.intervozes.org.br\/index.php?rest_route=\/wp\/v2\/users\/1"}],"replies":[{"embeddable":true,"href":"https:\/\/obscom.intervozes.org.br\/index.php?rest_route=%2Fwp%2Fv2%2Fcomments&post=24619"}],"version-history":[{"count":1,"href":"https:\/\/obscom.intervozes.org.br\/index.php?rest_route=\/wp\/v2\/posts\/24619\/revisions"}],"predecessor-version":[{"id":28144,"href":"https:\/\/obscom.intervozes.org.br\/index.php?rest_route=\/wp\/v2\/posts\/24619\/revisions\/28144"}],"wp:attachment":[{"href":"https:\/\/obscom.intervozes.org.br\/index.php?rest_route=%2Fwp%2Fv2%2Fmedia&parent=24619"}],"wp:term":[{"taxonomy":"category","embeddable":true,"href":"https:\/\/obscom.intervozes.org.br\/index.php?rest_route=%2Fwp%2Fv2%2Fcategories&post=24619"},{"taxonomy":"post_tag","embeddable":true,"href":"https:\/\/obscom.intervozes.org.br\/index.php?rest_route=%2Fwp%2Fv2%2Ftags&post=24619"}],"curies":[{"name":"wp","href":"https:\/\/api.w.org\/{rel}","templated":true}]}}