{"id":24616,"date":"2010-07-01T18:30:48","date_gmt":"2010-07-01T18:30:48","guid":{"rendered":"https:\/\/obscom.intervozes.org.br\/wordpress\/?p=24616"},"modified":"2010-07-01T18:30:48","modified_gmt":"2010-07-01T18:30:48","slug":"tv-globo-tera-programacao-veiculada-em-estacoes-de-metro-de-sao-paulo","status":"publish","type":"post","link":"https:\/\/obscom.intervozes.org.br\/?p=24616","title":{"rendered":"TV Globo ter\u00e1 programa\u00e7\u00e3o veiculada em esta\u00e7\u00f5es de metr\u00f4 de S\u00e3o Paulo"},"content":{"rendered":"<p>   \t \t \t \t \t<!-- \t\t@page { margin: 2cm } \t\tP { margin-bottom: 0.21cm } \t--> \t  <\/p>\n<p style=\"margin-bottom: 0cm\" class=\"padrao\">A programa&ccedil;&atilde;o da TV Globo estar&aacute; dispon&iacute;vel nas esta&ccedil;&otilde;es de metr&ocirc; de S&atilde;o Paulo a partir de julho. O servi&ccedil;o contar&aacute; com not&iacute;cias online e resumo dos principais acontecimentos do dia anterior, seguindo&nbsp;o mesmo padr&atilde;o do que j&aacute; &eacute; transmitido&nbsp;em algumas linhas de &ocirc;nibus.<\/p>\n<p>De acordo com a coluna de Keila Jimenez, no jornal <em>O Estado de S. Paulo<\/em>, o servi&ccedil;o ser&aacute; prestado pela empresa Busmagia, e cada esta&ccedil;&atilde;o de metr&ocirc; de S&atilde;o Paulo ter&aacute; 40 aparelhos de TV, espalhados desde a entrada at&eacute; as plataformas de embarque.<\/p>\n<p>A Busmagia prev&ecirc; que cada passageiro gastar&aacute;, em m&eacute;dia, sete minutos assistindo &agrave; programa&ccedil;&atilde;o da Globo exibida nos televisores. No pr&oacute;ximo dia 16, testes ser&atilde;o realizados na esta&ccedil;&atilde;o Para&iacute;so.<\/p>\n","protected":false},"excerpt":{"rendered":"<p>A programa&ccedil;&atilde;o da TV Globo estar&aacute; dispon&iacute;vel nas esta&ccedil;&otilde;es de metr&ocirc; de S&atilde;o Paulo a partir de julho. O servi&ccedil;o contar&aacute; com not&iacute;cias online e resumo dos principais acontecimentos do dia anterior, seguindo&nbsp;o mesmo padr&atilde;o do que j&aacute; &eacute; transmitido&nbsp;em algumas linhas de &ocirc;nibus. De acordo com a coluna de Keila Jimenez, no jornal O &hellip; <a href=\"https:\/\/obscom.intervozes.org.br\/?p=24616\" class=\"more-link\">Continue lendo <span class=\"screen-reader-text\">TV Globo ter\u00e1 programa\u00e7\u00e3o veiculada em esta\u00e7\u00f5es de metr\u00f4 de S\u00e3o Paulo<\/span> <span class=\"meta-nav\">&rarr;<\/span><\/a><\/p>\n","protected":false},"author":1,"featured_media":0,"comment_status":"open","ping_status":"open","sticky":false,"template":"","format":"standard","meta":{"footnotes":""},"categories":[40],"tags":[1353],"_links":{"self":[{"href":"https:\/\/obscom.intervozes.org.br\/index.php?rest_route=\/wp\/v2\/posts\/24616"}],"collection":[{"href":"https:\/\/obscom.intervozes.org.br\/index.php?rest_route=\/wp\/v2\/posts"}],"about":[{"href":"https:\/\/obscom.intervozes.org.br\/index.php?rest_route=\/wp\/v2\/types\/post"}],"author":[{"embeddable":true,"href":"https:\/\/obscom.intervozes.org.br\/index.php?rest_route=\/wp\/v2\/users\/1"}],"replies":[{"embeddable":true,"href":"https:\/\/obscom.intervozes.org.br\/index.php?rest_route=%2Fwp%2Fv2%2Fcomments&post=24616"}],"version-history":[{"count":0,"href":"https:\/\/obscom.intervozes.org.br\/index.php?rest_route=\/wp\/v2\/posts\/24616\/revisions"}],"wp:attachment":[{"href":"https:\/\/obscom.intervozes.org.br\/index.php?rest_route=%2Fwp%2Fv2%2Fmedia&parent=24616"}],"wp:term":[{"taxonomy":"category","embeddable":true,"href":"https:\/\/obscom.intervozes.org.br\/index.php?rest_route=%2Fwp%2Fv2%2Fcategories&post=24616"},{"taxonomy":"post_tag","embeddable":true,"href":"https:\/\/obscom.intervozes.org.br\/index.php?rest_route=%2Fwp%2Fv2%2Ftags&post=24616"}],"curies":[{"name":"wp","href":"https:\/\/api.w.org\/{rel}","templated":true}]}}