{"id":24604,"date":"2010-06-30T15:58:39","date_gmt":"2010-06-30T15:58:39","guid":{"rendered":"https:\/\/obscom.intervozes.org.br\/wordpress\/?p=24604"},"modified":"2010-06-30T15:58:39","modified_gmt":"2010-06-30T15:58:39","slug":"argentina-tv-publica-inteligente-e-polemica-questiona-monopolio-da-midia","status":"publish","type":"post","link":"https:\/\/obscom.intervozes.org.br\/?p=24604","title":{"rendered":"Argentina: TV P\u00fablica inteligente e pol\u00eamica questiona monop\u00f3lio da m\u00eddia"},"content":{"rendered":"<p> \t \t \t \t<!-- \t\t@page { margin: 2cm } \t\tP { margin-bottom: 0.21cm } \t--> \t  <\/p>\n<p style=\"margin-bottom: 0cm\" class=\"padrao\">Voltei de Buenos Aires recentemente. Estive na cidade por alguns dias e uma das coisas que mais me chamou a aten&ccedil;&atilde;o foi a forte polariza&ccedil;&atilde;o pol&iacute;tica que existe l&aacute; e em todo o pa&iacute;s. De um lado, setores do governo, peronistas de diversos matizes, setores da esquerda e a maior parte da popula&ccedil;&atilde;o mais pobre, que apoiam o governo da presidenta Cristina Fernandez de Kirchner. De outro, a oposi&ccedil;&atilde;o, composta por diversos partidos, inclusive setores do peronismo, pelos dirigentes do &ldquo;campo&rdquo; (agropecu&aacute;ria) e por quase toda a grande imprensa, capitaneada pelos jornais <em>Clar&iacute;n<\/em> e <em>La Naci&oacute;n<\/em>, os dois maiores do pa&iacute;s e donos de canais de TV e r&aacute;dios. O n&iacute;vel de conflito pol&iacute;tico &eacute; alto, talvez maior do que o nosso nesse per&iacute;odo j&aacute; quase eleitoral, sendo que l&aacute; a elei&ccedil;&atilde;o &eacute; s&oacute; no ano que vem.<\/p>\n<p>Uma das frentes mais radicalizadas nesta disputa &eacute; justamente a dos meios de comunica&ccedil;&atilde;o. A presidenta Kirchner comprou a briga com os grandes grupos que monopolizam a m&iacute;dia no pa&iacute;s, e est&aacute; batendo de frente com eles. Aprovou no Congresso a Lei de Servi&ccedil;os de Comunica&ccedil;&atilde;o Audiovisual, mais conhecida como &ldquo;Ley de medios&rdquo;, que s&oacute; n&atilde;o entrou ainda em vigor porque os grandes grupos monopolistas e os setores pol&iacute;ticos que os apoiam est&atilde;o usando todos os recursos jur&iacute;dicos poss&iacute;veis para evitar que isso ocorra. Mas tudo indica que a lei, que fere de morte os privil&eacute;gios que estes grupos t&ecirc;m hoje, controlando TVs (aberta e a cabo), r&aacute;dios, jornais, internet etc., vai mesmo come&ccedil;ar a vigorar ainda este ano. Com a nova lei, simplesmente n&atilde;o poder&aacute; mais haver grupos de sejam propriet&aacute;rios de todos estes meios ao mesmo tempo, nem em n&iacute;vel local e muito menos em n&iacute;vel nacional. No Brasil, por exemplo, seria uma lei que atingiria fortemente o poder da Globo.<\/p>\n<p>Um dos elementos mais interessantes nesta batalha que vem sendo travada contra os grandes grupos que controlam a m&iacute;dia &eacute; o programa televisivo &ldquo;6,7,8&rdquo;, exibido diariamente pela TV P&uacute;blica (do governo federal). Trata-se de um programa dedicado, segundo seu apresentador, Luciano Galende, a fazer &ldquo;uma resenha cr&iacute;tica dos meios de informa&ccedil;&atilde;o na Argentina&rdquo;. O programa &eacute; muito bem feito, e bate pesado nos grandes jornais, r&aacute;dios e TVs, desmascarando seus interesses, suas manipula&ccedil;&otilde;es grosseiras e seu falso distanciamento ao noticiar e comentar os principais fatos pol&iacute;ticos, sociais e econ&ocirc;micos. E bate de frente com os jornalistas que fazem o papel de porta-vozes desses interesses, principalmente aqueles articulistas que, do alto de uma pretensa &ldquo;autoridade&rdquo; jornal&iacute;stica ou profissional, se dedicam a defender os interesses do patr&atilde;o, do grande capital, dos reacion&aacute;rios etc. Se compararmos ao Brasil, seriam as m&iacute;rians leit&atilde;o, os alis kamel, sardembergs, diogos mainardis e outros desse naipe.<\/p>\n<p>O programa estreou a cerca de dois anos e vem aumentando sua audi&ecirc;ncia e repercuss&atilde;o, o que com certeza incomoda muita gente.<\/p>\n<p>&Eacute; um programa que a gente n&atilde;o est&aacute; acostumado a ver no Brasil &ndash; e acho mesmo que em poucas partes do mundo haver&aacute; algo que se assemelhe a &ldquo;6,7,8&rdquo;. N&atilde;o h&aacute; meias palavras nem luva de pelica, a cr&iacute;tica &eacute; direta e aberta. Mas &eacute; uma cr&iacute;tica em geral bem feita, fundamentada, e quase sempre ilustrada com imagens ou textos que deixam aquele que &eacute; objeto da cr&iacute;tica em situa&ccedil;&atilde;o delicada, pois fica dif&iacute;cil negar certas coisas diante de evid&ecirc;ncias irrefut&aacute;veis.<\/p>\n<p>Por exemplo, h&aacute; poucos dias uma famosa apresentadora de TV, algo como uma Hebe Camargo argentina, confessou em seu programa que em 1977, durante a ditadura militar que matou pelo menos 15 mil argentinos, um sobrinha sua (e o marido da sobrinha) foi sequestrada pela repress&atilde;o. Gra&ccedil;as &agrave; sua interven&ccedil;&atilde;o junto a um general que conhecia, sua sobrinha foi solta, mas o marido continua desaparecido at&eacute; hoje. No programa foram mostradas as imagens dessa mesma apresentadora, em 1978, durante o mundial de futebol na Argentina, afirmando que havia uma campanha orquestrada para &ldquo;denegrir&rdquo; o pa&iacute;s no exterior, que na Argentina todos viviam bem e em liberdade. Ela foi uma das que apoiou a campanha da ditadura &ldquo;nosotros argentinos somos derechos y humanos&rdquo;, que visava desacreditar as den&uacute;ncias de viola&ccedil;&otilde;es de direitos humanos que ali ocorriam naquele exato momento. Isso um ano ap&oacute;s ela ter acionado o general amigo para livrar a sua sobrinha da tortura. Quer dizer, fica desmascarada a coniv&ecirc;ncia, mais do que isso, o apoio dessa senhora &agrave; brutal repress&atilde;o que houve no pa&iacute;s. Ela sabia o que acontecia e apoiava o que era feito. N&atilde;o h&aacute; como ela negar isso. E o programa desnuda essa situa&ccedil;&atilde;o, com imagens que n&atilde;o podem ser desmentidas.<\/p>\n<p>E desse mesmo modo v&aacute;rios outros temas s&atilde;o abordados. &Eacute; impressionante a capacidade da produ&ccedil;&atilde;o do programa de achar imagens e textos em seus arquivos que desmontam as opini&otilde;es atuais de muitos dos comentaristas dos grandes meios de comunica&ccedil;&atilde;o. Diante desses &ldquo;desmentidos&rdquo; feitos por sua pr&oacute;pria voz e imagem, como reagir e negar a exatid&atilde;o da cr&iacute;tica?<\/p>\n<p>E, &eacute; claro, o programa elege seus amigos. Neste momento, Maradona &eacute; o maior desses amigos, por ter enfrentado a m&iacute;dia e ter assumido posi&ccedil;&otilde;es pol&iacute;ticas mais &agrave; esquerda e mais governistas.<\/p>\n<p>O programa &eacute; montado de forma inteligente. Um apresentador, cinco debatedores fixos e dois convidados diferentes a cada dia. Esta bancada debate as mat&eacute;rias feitas pela produ&ccedil;&atilde;o, mat&eacute;rias sempre em tom forte, de den&uacute;ncia e desmascaramento do que est&aacute; sendo dito pelos grandes meios. Os debatedores s&atilde;o muito perspicazes, e os convidados quase sempre s&atilde;o muito simp&aacute;ticos aos pontos de vista defendidos no programa.<\/p>\n<p>Essa &eacute; uma das cr&iacute;ticas que &ldquo;6,7,8&rdquo; recebe, a de n&atilde;o abrir espa&ccedil;o ao contradit&oacute;rio. &Eacute; apenas em parte correta, pois para fazer a cr&iacute;tica da grande m&iacute;dia o programa exibe o que a grande m&iacute;dia diz. A diferen&ccedil;a &eacute; que desmonta o que &eacute; dito, ao contr&aacute;rio do que estamos acostumados a ver, ou seja, tal comentarista fala um absurdo e fica por isso mesmo, n&atilde;o h&aacute; debate ou contradit&oacute;rio. E quase todos os comentaristas da grande m&iacute;dia dizem &ndash; por que ser&aacute;? &ndash; a mesma coisa, pensam do mesmo jeito. Com &ldquo;6,7,8&rdquo; o quadro muda. Estes comentaristas t&ecirc;m resposta, muitas vezes com base em coisas que ele mesmo disse em outros momentos. &Eacute; claro que estes comentaristas n&atilde;o gostam nada disso, e acusam o programa de &ldquo;constranger&rdquo; sua liberdade de opini&atilde;o, um argumento totalmente falacioso.<\/p>\n<p>Outra cr&iacute;tica a &ldquo;6,7,8&rdquo;, esta mais consistente, &eacute; que se trata de um programa &ldquo;oficialista&rdquo;, ou seja, governista, pr&oacute;-Kirchner. De fato &eacute;, e eles assumem isso, o que n&atilde;o deixa de ser uma postura pouco usual na TV, em qualquer parte. O programa n&atilde;o se assume exatamente como pr&oacute;-governo, mas sim como a favor das principais linhas pol&iacute;ticas que norteiam o governo, o que n&atilde;o significa concordar e aprovar tudo o que o oficialismo faz. H&aacute; cr&iacute;ticas ao governo e aos seus membros, claro que n&atilde;o com a mesma intensidade que as feitas aos que est&atilde;o do outro lado, mas o programa n&atilde;o &eacute; acr&iacute;tico. E nem busca aquela postura, em geral falsa, do tipo &ldquo;somos independentes e criticamos a todos da mesma maneira, estamos acima das diferen&ccedil;as entre os lados em disputa&rdquo;.<\/p>\n<p>Outra de suas caracter&iacute;sticas interessantes &eacute; que, vira e mexe, os debatedores do programa criticam as mat&eacute;rias feitas pela produ&ccedil;&atilde;o de &ldquo;6,7,8&rdquo;. Deve-se dizer que a produ&ccedil;&atilde;o &ndash; comandada por Diego Gvirtz &ndash; &eacute; mais oficialista que a bancada de debatedores, e por vezes tem a m&atilde;o muito pesada em rela&ccedil;&atilde;o &agrave;s cr&iacute;ticas a certos jornalistas e comentaristas da oposi&ccedil;&atilde;o. E os debatedores do programa n&atilde;o deixam barato, criticam o seu pr&oacute;prio programa no ar, sem problemas.<\/p>\n<p>Enfim, trata-se de uma experi&ecirc;ncia inovadora na TV, a come&ccedil;ar pelo fato de se propor a fazer uma cr&iacute;ticas dos meios de comunica&ccedil;&atilde;o no ve&iacute;culo mais popular dentre todos eles, a TV, e n&atilde;o apenas aquela cr&iacute;tica mais te&oacute;rica, mas sim a cr&iacute;tica direta, dando nome aos bois e usando as imagens dos outros canais de TV para fazer isso.<\/p>\n<p>&Eacute; certo que algumas das cr&iacute;ticas feitas ao programa s&atilde;o corretas, mas sem d&uacute;vida &eacute; um espa&ccedil;o que oxigena a TV argentina, e sem d&uacute;vida est&aacute; tendo repercuss&otilde;es importantes. Hoje, os jornalistas e comentaristas de todos os meios sabem que est&atilde;o sob a lupa cr&iacute;tica de &ldquo;6,7,8&rdquo;, e que n&atilde;o podem sair falando coisas impunemente, haver&aacute; cobran&ccedil;a pelo que foi dito. N&atilde;o se trata de censura, de nenhuma maneira, mas de debate p&uacute;blico.<\/p>\n<p>Para quem quiser dar uma olhada, &ldquo;6,7,8&rdquo; pode ser assistido pelo site da TV P&uacute;blica argentina: www.tvpublica.com.ar. O programa vai ao ar &agrave;s 21 horas todos os dias, menos s&aacute;bado. Vale a pena.<\/p>\n<p><em>*Flamarion Mau&eacute;s editor de livros e historiador.<\/em><\/p>\n","protected":false},"excerpt":{"rendered":"<p>Inovador, programa &quot;6,7,8&quot; faz cr&iacute;tica direta &agrave; m&iacute;dia, dando nome aos bois<\/p>\n","protected":false},"author":1,"featured_media":0,"comment_status":"open","ping_status":"open","sticky":false,"template":"","format":"standard","meta":{"footnotes":""},"categories":[42],"tags":[144],"_links":{"self":[{"href":"https:\/\/obscom.intervozes.org.br\/index.php?rest_route=\/wp\/v2\/posts\/24604"}],"collection":[{"href":"https:\/\/obscom.intervozes.org.br\/index.php?rest_route=\/wp\/v2\/posts"}],"about":[{"href":"https:\/\/obscom.intervozes.org.br\/index.php?rest_route=\/wp\/v2\/types\/post"}],"author":[{"embeddable":true,"href":"https:\/\/obscom.intervozes.org.br\/index.php?rest_route=\/wp\/v2\/users\/1"}],"replies":[{"embeddable":true,"href":"https:\/\/obscom.intervozes.org.br\/index.php?rest_route=%2Fwp%2Fv2%2Fcomments&post=24604"}],"version-history":[{"count":0,"href":"https:\/\/obscom.intervozes.org.br\/index.php?rest_route=\/wp\/v2\/posts\/24604\/revisions"}],"wp:attachment":[{"href":"https:\/\/obscom.intervozes.org.br\/index.php?rest_route=%2Fwp%2Fv2%2Fmedia&parent=24604"}],"wp:term":[{"taxonomy":"category","embeddable":true,"href":"https:\/\/obscom.intervozes.org.br\/index.php?rest_route=%2Fwp%2Fv2%2Fcategories&post=24604"},{"taxonomy":"post_tag","embeddable":true,"href":"https:\/\/obscom.intervozes.org.br\/index.php?rest_route=%2Fwp%2Fv2%2Ftags&post=24604"}],"curies":[{"name":"wp","href":"https:\/\/api.w.org\/{rel}","templated":true}]}}