{"id":24602,"date":"2010-06-29T18:19:12","date_gmt":"2010-06-29T18:19:12","guid":{"rendered":"https:\/\/obscom.intervozes.org.br\/wordpress\/?p=24602"},"modified":"2010-06-29T18:19:12","modified_gmt":"2010-06-29T18:19:12","slug":"organizacoes-realizam-seminario-nesta-quinta-feira-para-discutir-pos-confecom-e-acoes-prioritarias","status":"publish","type":"post","link":"https:\/\/obscom.intervozes.org.br\/?p=24602","title":{"rendered":"Organiza\u00e7\u00f5es realizam semin\u00e1rio nesta quinta-feira para discutir p\u00f3s Confecom e a\u00e7\u00f5es priorit\u00e1rias"},"content":{"rendered":"<p>   \t \t \t \t \t<!-- \t\t@page { margin: 2cm } \t\tP { margin-bottom: 0.21cm } \t--> \t  <\/p>\n<p style=\"margin-bottom: 0cm\" class=\"padrao\">Entidades da sociedade civil realizam nesta quinta-feira (1), em Bras&iacute;lia, um semin&aacute;rio com para debater propostas e a&ccedil;&otilde;es priorit&aacute;rias na conjuntura posterior &agrave; 1&ordf; Confer&ecirc;ncia Nacional de Comunica&ccedil;&atilde;o. O evento ocorre no Plen&aacute;rio&nbsp;Ad&atilde;o Pretto (Plen&aacute;rio 9 do Anexo 2),&nbsp;na C&acirc;mara dos Deputados, a partir das 9h.  <\/p>\n<p>O&nbsp;semin&aacute;rio &quot;P&oacute;s-Confecom:&nbsp;uma contribui&ccedil;&atilde;o ao debate sobre propostas e a&ccedil;&otilde;es priorit&aacute;rias&quot; &eacute; organizado pela Comiss&atilde;o Nacional Pr&oacute;-Confer&ecirc;ncia (CNPC) com o apoio da Comiss&atilde;o de Direitos Humanos e Minorias da C&acirc;mara  (CDHM) e da Comiss&atilde;o de Legisla&ccedil;&atilde;o Participativa (CLP). O semin&aacute;rio tamb&eacute;m conta com o apoio da deputada Luiza Erundina (PSB-SP),&nbsp;integrante da Comiss&atilde;o de Ci&ecirc;ncia Tecnologia, Comunica&ccedil;&atilde;o e Inform&aacute;tica da C&acirc;mara dos Deputados e representante da Casa na Comiss&atilde;o Organizadora Nacional da 1&ordf; Confecom.<\/p>\n<p>O semin&aacute;rio pretende reunir militantes para o esfor&ccedil;o de priorizar as propostas fundamentais entre as 633 aprovadas na Confecom, al&eacute;m de definir linhas de atua&ccedil;&atilde;o conjunta ainda para este ano.<\/p>\n<p>As inscri&ccedil;&otilde;es s&atilde;o gratuitas e devem ser enviadas para o email nacional@proconferencia.org.br, com as seguinte informa&ccedil;&otilde;es:<br \/>&#8211; Nome<br \/>&#8211; Entidade<br \/>&#8211; Cidade\/UF<br \/>&#8211; E-mail<br \/>&#8211; Telefone<\/p>\n<p><em>Com informa&ccedil;&otilde;es da assessoria da Comiss&atilde;o de Direitos Humanos e Minorias da C&acirc;mara.<\/em><\/p>\n","protected":false},"excerpt":{"rendered":"<p>Entidades da sociedade civil realizam nesta quinta-feira (1), em Bras&iacute;lia, um semin&aacute;rio com para debater propostas e a&ccedil;&otilde;es priorit&aacute;rias na conjuntura posterior &agrave; 1&ordf; Confer&ecirc;ncia Nacional de Comunica&ccedil;&atilde;o. O evento ocorre no Plen&aacute;rio&nbsp;Ad&atilde;o Pretto (Plen&aacute;rio 9 do Anexo 2),&nbsp;na C&acirc;mara dos Deputados, a partir das 9h. O&nbsp;semin&aacute;rio &quot;P&oacute;s-Confecom:&nbsp;uma contribui&ccedil;&atilde;o ao debate sobre propostas e a&ccedil;&otilde;es &hellip; <a href=\"https:\/\/obscom.intervozes.org.br\/?p=24602\" class=\"more-link\">Continue lendo <span class=\"screen-reader-text\">Organiza\u00e7\u00f5es realizam semin\u00e1rio nesta quinta-feira para discutir p\u00f3s Confecom e a\u00e7\u00f5es priorit\u00e1rias<\/span> <span class=\"meta-nav\">&rarr;<\/span><\/a><\/p>\n","protected":false},"author":1,"featured_media":0,"comment_status":"open","ping_status":"open","sticky":false,"template":"","format":"standard","meta":{"footnotes":""},"categories":[39],"tags":[],"_links":{"self":[{"href":"https:\/\/obscom.intervozes.org.br\/index.php?rest_route=\/wp\/v2\/posts\/24602"}],"collection":[{"href":"https:\/\/obscom.intervozes.org.br\/index.php?rest_route=\/wp\/v2\/posts"}],"about":[{"href":"https:\/\/obscom.intervozes.org.br\/index.php?rest_route=\/wp\/v2\/types\/post"}],"author":[{"embeddable":true,"href":"https:\/\/obscom.intervozes.org.br\/index.php?rest_route=\/wp\/v2\/users\/1"}],"replies":[{"embeddable":true,"href":"https:\/\/obscom.intervozes.org.br\/index.php?rest_route=%2Fwp%2Fv2%2Fcomments&post=24602"}],"version-history":[{"count":0,"href":"https:\/\/obscom.intervozes.org.br\/index.php?rest_route=\/wp\/v2\/posts\/24602\/revisions"}],"wp:attachment":[{"href":"https:\/\/obscom.intervozes.org.br\/index.php?rest_route=%2Fwp%2Fv2%2Fmedia&parent=24602"}],"wp:term":[{"taxonomy":"category","embeddable":true,"href":"https:\/\/obscom.intervozes.org.br\/index.php?rest_route=%2Fwp%2Fv2%2Fcategories&post=24602"},{"taxonomy":"post_tag","embeddable":true,"href":"https:\/\/obscom.intervozes.org.br\/index.php?rest_route=%2Fwp%2Fv2%2Ftags&post=24602"}],"curies":[{"name":"wp","href":"https:\/\/api.w.org\/{rel}","templated":true}]}}