{"id":24601,"date":"2010-06-29T18:01:24","date_gmt":"2010-06-29T18:01:24","guid":{"rendered":"https:\/\/obscom.intervozes.org.br\/wordpress\/?p=24601"},"modified":"2014-09-07T03:00:19","modified_gmt":"2014-09-07T03:00:19","slug":"gestao-do-espectro-e-tema-de-serie-do-observatorio","status":"publish","type":"post","link":"https:\/\/obscom.intervozes.org.br\/?p=24601","title":{"rendered":"Gest\u00e3o do espectro \u00e9 tema de s\u00e9rie do Observat\u00f3rio"},"content":{"rendered":"<p>   \t \t \t \t \t<!-- \t\t@page { margin: 2cm } \t\tP { margin-bottom: 0.21cm } \t--> \t  <\/p>\n<p style=\"margin-bottom: 0cm\" class=\"padrao\">A distribui&ccedil;&atilde;o das faixas de frequ&ecirc;ncia, os crit&eacute;rios e par&acirc;metros de gest&atilde;o desse bem p&uacute;blico chamado espectro eletromagn&eacute;tico est&atilde;o na base das pol&iacute;ticas p&uacute;blicas de comunica&ccedil;&atilde;o e podem moldar &ndash; ou n&atilde;o &ndash; um sistema que respeite o direito humano &agrave; comunica&ccedil;&atilde;o. Por esta raz&atilde;o, a gest&atilde;o do espectro &eacute; objeto do terceiro volume da s&eacute;rie Debates Fundamentais, conjunto de especiais produzidos pelo <strong>Observat&oacute;rio do Direito &agrave; Comunica&ccedil;&atilde;o<\/strong>. A s&eacute;rie tem como objetivo contribuir para a discuss&atilde;o dos principais temas da &aacute;rea da comunica&ccedil;&atilde;o no pa&iacute;s, oferecendo uma perspectiva cr&iacute;tica da conjuntura.<\/p>\n<p>A &iacute;ntegra do especial &ldquo;<a href=\"http:\/\/localhost\/intervozes_direitoacomunicacao\/wordpress\/?p=18408\">Direito &agrave; comunica&ccedil;&atilde;o no ar: a gest&atilde;o do espectro eletromagn&eacute;tico brasileiro<\/a>&rdquo; pode ser acessada atrav&eacute;s da <a href=\"content.php?option=com_docman\">Biblioteca<\/a>  do <strong>Observatorio<\/strong>.<a href=\"content.php?option=com_docman\"><\/a><a href=\"content.php?option=com_docman\"><br \/><\/a><br \/>Veja tamb&eacute;m os outros especiais da s&eacute;rie <a href=\"content.php?option=com_docman&amp;task=search_result&amp;Itemid=99999999\">Debates Fundamentais<\/a>:<\/p>\n<p><a href=\"http:\/\/localhost\/intervozes_direitoacomunicacao\/wordpress\/?p=18342\">* Sistema p&uacute;blico de comunica&ccedil;&atilde;o no Brasil: as conquistas e os desafios<\/a> <\/p>\n<p><a href=\"http:\/\/localhost\/intervozes_direitoacomunicacao\/wordpress\/?p=18338\">* A converg&ecirc;ncia tecnol&oacute;gica e o direito &agrave; comunica&ccedil;&atilde;o<\/a> <\/p>\n","protected":false},"excerpt":{"rendered":"<p>A distribui&ccedil;&atilde;o das faixas de frequ&ecirc;ncia, os crit&eacute;rios e par&acirc;metros de gest&atilde;o desse bem p&uacute;blico chamado espectro eletromagn&eacute;tico est&atilde;o na base das pol&iacute;ticas p&uacute;blicas de comunica&ccedil;&atilde;o e podem moldar &ndash; ou n&atilde;o &ndash; um sistema que respeite o direito humano &agrave; comunica&ccedil;&atilde;o. Por esta raz&atilde;o, a gest&atilde;o do espectro &eacute; objeto do terceiro volume da &hellip; <a href=\"https:\/\/obscom.intervozes.org.br\/?p=24601\" class=\"more-link\">Continue lendo <span class=\"screen-reader-text\">Gest\u00e3o do espectro \u00e9 tema de s\u00e9rie do Observat\u00f3rio<\/span> <span class=\"meta-nav\">&rarr;<\/span><\/a><\/p>\n","protected":false},"author":1,"featured_media":0,"comment_status":"open","ping_status":"open","sticky":false,"template":"","format":"standard","meta":{"footnotes":""},"categories":[40],"tags":[875],"_links":{"self":[{"href":"https:\/\/obscom.intervozes.org.br\/index.php?rest_route=\/wp\/v2\/posts\/24601"}],"collection":[{"href":"https:\/\/obscom.intervozes.org.br\/index.php?rest_route=\/wp\/v2\/posts"}],"about":[{"href":"https:\/\/obscom.intervozes.org.br\/index.php?rest_route=\/wp\/v2\/types\/post"}],"author":[{"embeddable":true,"href":"https:\/\/obscom.intervozes.org.br\/index.php?rest_route=\/wp\/v2\/users\/1"}],"replies":[{"embeddable":true,"href":"https:\/\/obscom.intervozes.org.br\/index.php?rest_route=%2Fwp%2Fv2%2Fcomments&post=24601"}],"version-history":[{"count":3,"href":"https:\/\/obscom.intervozes.org.br\/index.php?rest_route=\/wp\/v2\/posts\/24601\/revisions"}],"predecessor-version":[{"id":28142,"href":"https:\/\/obscom.intervozes.org.br\/index.php?rest_route=\/wp\/v2\/posts\/24601\/revisions\/28142"}],"wp:attachment":[{"href":"https:\/\/obscom.intervozes.org.br\/index.php?rest_route=%2Fwp%2Fv2%2Fmedia&parent=24601"}],"wp:term":[{"taxonomy":"category","embeddable":true,"href":"https:\/\/obscom.intervozes.org.br\/index.php?rest_route=%2Fwp%2Fv2%2Fcategories&post=24601"},{"taxonomy":"post_tag","embeddable":true,"href":"https:\/\/obscom.intervozes.org.br\/index.php?rest_route=%2Fwp%2Fv2%2Ftags&post=24601"}],"curies":[{"name":"wp","href":"https:\/\/api.w.org\/{rel}","templated":true}]}}