{"id":24599,"date":"2010-06-29T17:04:36","date_gmt":"2010-06-29T17:04:36","guid":{"rendered":"https:\/\/obscom.intervozes.org.br\/wordpress\/?p=24599"},"modified":"2010-06-29T17:04:36","modified_gmt":"2010-06-29T17:04:36","slug":"anatel-analisa-reducao-do-preco-da-licenca-do-scm","status":"publish","type":"post","link":"https:\/\/obscom.intervozes.org.br\/?p=24599","title":{"rendered":"Anatel analisa redu\u00e7\u00e3o do pre\u00e7o da licen\u00e7a do SCM"},"content":{"rendered":"<p>   \t \t \t \t \t<!-- \t\t@page { margin: 2cm } \t\tP { margin-bottom: 0.21cm } \t--> \t  <\/p>\n<p style=\"margin-bottom: 0cm\" class=\"padrao\">O Conselho Diretor da Anatel pode aprovar esta semana altera&ccedil;&atilde;o do Regulamento do SCM (Servi&ccedil;o de Comunica&ccedil;&atilde;o Multim&iacute;dia) com redu&ccedil;&atilde;o do pre&ccedil;o da licen&ccedil;a para oferta do servi&ccedil;o nos munic&iacute;pios. O objetivo &eacute; beneficiar os pequenos provedores a prestarem a &uacute;ltima milha, em locais onde as grandes operadoras n&atilde;o t&ecirc;m interesse econ&ocirc;mico.<\/p>\n<p>Pela proposta, relatada pela conselheira Em&iacute;lia Ribeiro, as licen&ccedil;as nos munic&iacute;pios cairiam para em torno de R$ 1.200, enquanto as licen&ccedil;as de &acirc;mbito regional ou nacional continuariam com o pre&ccedil;o atual de R$ 9.000. Al&eacute;m disso, prop&otilde;e a diminui&ccedil;&atilde;o das barreiras de entrada, como a redu&ccedil;&atilde;o da documenta&ccedil;&atilde;o necess&aacute;ria para a obten&ccedil;&atilde;o da autoriza&ccedil;&atilde;o.<\/p>\n<p>Em recente evento dos provedores de internet, Em&iacute;lia defendeu a ado&ccedil;&atilde;o de assimetrias na regulamenta&ccedil;&atilde;o do SCM de forma a aumentar a competi&ccedil;&atilde;o nesse servi&ccedil;o. Outros pontos da proposta visam tamb&eacute;m a melhor defini&ccedil;&atilde;o dos direitos dos usu&aacute;rios e a melhoria da qualidade do servi&ccedil;o.<\/p>\n<p>Em&iacute;lia sustenta que a altera&ccedil;&atilde;o do Regulamento do SCM &eacute; indispens&aacute;vel para a participa&ccedil;&atilde;o dos pequenos provedores no Plano Nacional de Banda Larga (PNBL), que deve ser implantado no segundo semestre. &ldquo;O SCM &eacute; um servi&ccedil;o estrutural que deve ser regulado corretamente para atender as demandas da sociedade&rdquo;, defendeu a conselheira no evento.<\/p>\n<p>A reuni&atilde;o do Conselho Diretor est&aacute; marcada para quinta-feira (1&ordm;). Caso seja aprovada, a mat&eacute;ria deve ainda passar por consulta p&uacute;blica antes de ser implementada.<\/p>\n","protected":false},"excerpt":{"rendered":"<p>O Conselho Diretor da Anatel pode aprovar esta semana altera&ccedil;&atilde;o do Regulamento do SCM (Servi&ccedil;o de Comunica&ccedil;&atilde;o Multim&iacute;dia) com redu&ccedil;&atilde;o do pre&ccedil;o da licen&ccedil;a para oferta do servi&ccedil;o nos munic&iacute;pios. O objetivo &eacute; beneficiar os pequenos provedores a prestarem a &uacute;ltima milha, em locais onde as grandes operadoras n&atilde;o t&ecirc;m interesse econ&ocirc;mico. Pela proposta, relatada &hellip; <a href=\"https:\/\/obscom.intervozes.org.br\/?p=24599\" class=\"more-link\">Continue lendo <span class=\"screen-reader-text\">Anatel analisa redu\u00e7\u00e3o do pre\u00e7o da licen\u00e7a do SCM<\/span> <span class=\"meta-nav\">&rarr;<\/span><\/a><\/p>\n","protected":false},"author":1,"featured_media":0,"comment_status":"open","ping_status":"open","sticky":false,"template":"","format":"standard","meta":{"footnotes":""},"categories":[40],"tags":[545],"_links":{"self":[{"href":"https:\/\/obscom.intervozes.org.br\/index.php?rest_route=\/wp\/v2\/posts\/24599"}],"collection":[{"href":"https:\/\/obscom.intervozes.org.br\/index.php?rest_route=\/wp\/v2\/posts"}],"about":[{"href":"https:\/\/obscom.intervozes.org.br\/index.php?rest_route=\/wp\/v2\/types\/post"}],"author":[{"embeddable":true,"href":"https:\/\/obscom.intervozes.org.br\/index.php?rest_route=\/wp\/v2\/users\/1"}],"replies":[{"embeddable":true,"href":"https:\/\/obscom.intervozes.org.br\/index.php?rest_route=%2Fwp%2Fv2%2Fcomments&post=24599"}],"version-history":[{"count":0,"href":"https:\/\/obscom.intervozes.org.br\/index.php?rest_route=\/wp\/v2\/posts\/24599\/revisions"}],"wp:attachment":[{"href":"https:\/\/obscom.intervozes.org.br\/index.php?rest_route=%2Fwp%2Fv2%2Fmedia&parent=24599"}],"wp:term":[{"taxonomy":"category","embeddable":true,"href":"https:\/\/obscom.intervozes.org.br\/index.php?rest_route=%2Fwp%2Fv2%2Fcategories&post=24599"},{"taxonomy":"post_tag","embeddable":true,"href":"https:\/\/obscom.intervozes.org.br\/index.php?rest_route=%2Fwp%2Fv2%2Ftags&post=24599"}],"curies":[{"name":"wp","href":"https:\/\/api.w.org\/{rel}","templated":true}]}}