{"id":24595,"date":"2010-06-29T15:54:33","date_gmt":"2010-06-29T15:54:33","guid":{"rendered":"https:\/\/obscom.intervozes.org.br\/wordpress\/?p=24595"},"modified":"2010-06-29T15:54:33","modified_gmt":"2010-06-29T15:54:33","slug":"cronograma-para-novas-concessoes-preve-prazos-curtissimos","status":"publish","type":"post","link":"https:\/\/obscom.intervozes.org.br\/?p=24595","title":{"rendered":"Cronograma para novas concess\u00f5es prev\u00ea prazos curt\u00edssimos"},"content":{"rendered":"<p>   \t \t \t \t \t<!-- \t\t@page { margin: 2cm } \t\tP { margin-bottom: 0.21cm } \t--> \t  <\/p>\n<p style=\"margin-bottom: 0cm\" class=\"padrao\">A Anatel deve soltar nos pr&oacute;ximos dias o Caderno de Habilita&ccedil;&atilde;o, que iniciar&aacute;, formalmente, o processo de outorgas das concess&otilde;es de TV a cabo dos mais de 1 mil pedidos represados na ag&ecirc;ncia. Segundo apurou este notici&aacute;rio, a agenda interna da ag&ecirc;ncia prev&ecirc; a divulga&ccedil;&atilde;o do Caderno de Habilita&ccedil;&atilde;o ainda esta semana, no dia 1&ordm; de julho. O documento ainda n&atilde;o est&aacute; finalizado, o que sugere que esta data &eacute; apenas uma refer&ecirc;ncia para o in&iacute;cio do processo de an&aacute;lise dos pedidos j&aacute; apresentados. O caderno n&atilde;o deve trazer grandes surpresas, uma vez que as regras de habilita&ccedil;&atilde;o previstas na Lei do Cabo e na regulamenta&ccedil;&atilde;o existente n&atilde;o foram alteradas pela Anatel. <\/p>\n<p>Basicamente, o material ir&aacute; conter a lista de documentos necess&aacute;rios para a habilita&ccedil;&atilde;o jur&iacute;dica, a qualifica&ccedil;&atilde;o t&eacute;cnica e econ&ocirc;mico-financeira e a comprova&ccedil;&atilde;o de regularidade fiscal. As eventuais novidades devem aparecer nas informa&ccedil;&otilde;es sobre as obriga&ccedil;&otilde;es legais da futura operadora, que inclui os compromissos de abrang&ecirc;ncia que ser&atilde;o exigidos das operadoras. Conforme antecipou este notici&aacute;rio na semana passada, o contrato que est&aacute; sendo desenhado pela ag&ecirc;ncia prev&ecirc;, por exemplo, a cobertura de 100% dos domic&iacute;lios em at&eacute; 96 meses e o atendimento gratuito a 50% dos locais de interesse p&uacute;blico de cada localidade (escolas, hospitais, bibliotecas etc). <\/p>\n<p>Esta minuta de contrato ser&aacute; parte do caderno de habilita&ccedil;&atilde;o, para que os interessados saibam em rela&ccedil;&atilde;o ao que e em que condi&ccedil;&otilde;es est&atilde;o se manifestando. O documento funcionar&aacute; apenas como um norteador para que a empresa decida se quer dar continuidade no pedido de outorga ou n&atilde;o. &quot;Se n&atilde;o fosse assim, a empresa estaria passando um cheque em branco para a Anatel&quot;, comenta uma fonte da ag&ecirc;ncia. <\/p>\n<p><strong>Novo contrato <\/strong><\/p>\n<p>Mesmo servindo apenas como refer&ecirc;ncia, a divulga&ccedil;&atilde;o da minuta contratual no Caderno de Habilita&ccedil;&atilde;o pode acabar sendo a grande inova&ccedil;&atilde;o do processo de an&aacute;lise da Anatel. O documento sempre fez parte desta etapa de solicita&ccedil;&atilde;o de documentos, mas o diferencial &eacute; que, na an&aacute;lise atual, as empresas acabar&atilde;o tendo acesso &agrave; proposta de contrato antes de uma eventual consulta p&uacute;blica. <\/p>\n<p>De fato, a Anatel ainda tem que desenhar o contrato, compil&aacute;-lo em um processo e ter a proposta deliberada pelo Conselho Diretor para, s&oacute; ent&atilde;o, coloc&aacute;-lo em consulta p&uacute;blica, o que deve acontecer apenas depois da divulga&ccedil;&atilde;o do Caderno de Habilita&ccedil;&atilde;o. Considerando prazos bastante concisos, a Anatel projeta que o processo para finalizar os pedidos de outorga levar&aacute; 140 dias, quando cada processo chegar&aacute; ao Conselho Diretor para delibera&ccedil;&atilde;o final. Se este cronograma for cumprido, &eacute; poss&iacute;vel que as primeiras concess&otilde;es de TV a cabo possam sair ainda em 2010, a depender do tempo e das condi&ccedil;&otilde;es de an&aacute;lise do conselho da ag&ecirc;ncia. <\/p>\n<p>A &aacute;rea t&eacute;cnica sugeriu ao Conselho Diretor uma ampla divulga&ccedil;&atilde;o do Caderno de Habilita&ccedil;&atilde;o no site da ag&ecirc;ncia e a publica&ccedil;&atilde;o de um comunicado sobre o assunto nos jornais de grande circula&ccedil;&atilde;o no pa&iacute;s.<\/p>\n","protected":false},"excerpt":{"rendered":"<p>A Anatel deve soltar nos pr&oacute;ximos dias o Caderno de Habilita&ccedil;&atilde;o, que iniciar&aacute;, formalmente, o processo de outorgas das concess&otilde;es de TV a cabo dos mais de 1 mil pedidos represados na ag&ecirc;ncia. Segundo apurou este notici&aacute;rio, a agenda interna da ag&ecirc;ncia prev&ecirc; a divulga&ccedil;&atilde;o do Caderno de Habilita&ccedil;&atilde;o ainda esta semana, no dia 1&ordm; &hellip; <a href=\"https:\/\/obscom.intervozes.org.br\/?p=24595\" class=\"more-link\">Continue lendo <span class=\"screen-reader-text\">Cronograma para novas concess\u00f5es prev\u00ea prazos curt\u00edssimos<\/span> <span class=\"meta-nav\">&rarr;<\/span><\/a><\/p>\n","protected":false},"author":1,"featured_media":0,"comment_status":"open","ping_status":"open","sticky":false,"template":"","format":"standard","meta":{"footnotes":""},"categories":[40],"tags":[177],"_links":{"self":[{"href":"https:\/\/obscom.intervozes.org.br\/index.php?rest_route=\/wp\/v2\/posts\/24595"}],"collection":[{"href":"https:\/\/obscom.intervozes.org.br\/index.php?rest_route=\/wp\/v2\/posts"}],"about":[{"href":"https:\/\/obscom.intervozes.org.br\/index.php?rest_route=\/wp\/v2\/types\/post"}],"author":[{"embeddable":true,"href":"https:\/\/obscom.intervozes.org.br\/index.php?rest_route=\/wp\/v2\/users\/1"}],"replies":[{"embeddable":true,"href":"https:\/\/obscom.intervozes.org.br\/index.php?rest_route=%2Fwp%2Fv2%2Fcomments&post=24595"}],"version-history":[{"count":0,"href":"https:\/\/obscom.intervozes.org.br\/index.php?rest_route=\/wp\/v2\/posts\/24595\/revisions"}],"wp:attachment":[{"href":"https:\/\/obscom.intervozes.org.br\/index.php?rest_route=%2Fwp%2Fv2%2Fmedia&parent=24595"}],"wp:term":[{"taxonomy":"category","embeddable":true,"href":"https:\/\/obscom.intervozes.org.br\/index.php?rest_route=%2Fwp%2Fv2%2Fcategories&post=24595"},{"taxonomy":"post_tag","embeddable":true,"href":"https:\/\/obscom.intervozes.org.br\/index.php?rest_route=%2Fwp%2Fv2%2Ftags&post=24595"}],"curies":[{"name":"wp","href":"https:\/\/api.w.org\/{rel}","templated":true}]}}