{"id":24578,"date":"2010-06-24T15:38:10","date_gmt":"2010-06-24T15:38:10","guid":{"rendered":"https:\/\/obscom.intervozes.org.br\/wordpress\/?p=24578"},"modified":"2010-06-24T15:38:10","modified_gmt":"2010-06-24T15:38:10","slug":"governo-debate-possiveis-restricoes-a-sites-com-conteudo-jornalistico","status":"publish","type":"post","link":"https:\/\/obscom.intervozes.org.br\/?p=24578","title":{"rendered":"Governo debate poss\u00edveis restri\u00e7\u00f5es a sites com conte\u00fado jornal\u00edstico"},"content":{"rendered":"<p>   \t \t \t \t \t<!-- \t\t@page { margin: 2cm } \t\tP { margin-bottom: 0.21cm } \t--> \t  <\/p>\n<p style=\"margin-bottom: 0cm\" class=\"padrao\"><strong>Reproduzido da Ag&ecirc;ncia Brasil <\/strong><\/p>\n<p>Bras&iacute;lia &#8211; O ministro das Comunica&ccedil;&otilde;es, Jos&eacute; Artur Filardi, se reuniu hoje (22) com o ministro da Justi&ccedil;a, Luiz Paulo Barreto e o advogado-geral da Uni&atilde;o, Lu&iacute;s In&aacute;cio Adams, para debater a necessidade de aplicar restri&ccedil;&otilde;es aos portais de internet com conte&uacute;do jornal&iacute;stico de propriedade de grupos estrangeiros. No in&iacute;cio do m&ecirc;s, a Associa&ccedil;&atilde;o Brasileira de Emissoras de R&aacute;dio e Televis&atilde;o (Abert) divulgou uma nota cobrando uma posi&ccedil;&atilde;o do governo com rela&ccedil;&atilde;o a essas empresas. <\/p>\n<p>No documento, a Abert &ldquo;adverte sobre consequ&ecirc;ncias da demora da Uni&atilde;o em fiscalizar a a&ccedil;&atilde;o ilegal desses grupos&rdquo;. Filardi disse que n&atilde;o &eacute; compet&ecirc;ncia do minist&eacute;rio regular sobre o assunto, mas, mesmo assim, est&aacute; procurando uma solu&ccedil;&atilde;o jur&iacute;dica no governo. Ele disse que hoje n&atilde;o foi definido nada, mas uma nova reuni&atilde;o ser&aacute; realizada para tratar do assunto. &ldquo;Pedimos uma avalia&ccedil;&atilde;o para o setor jur&iacute;dico, mas isso n&atilde;o est&aacute; definido. &Eacute; um assunto novo para o governo&rdquo;, afirmou Filardi. <\/p>\n<p>A Abert cobra a aplica&ccedil;&atilde;o das restri&ccedil;&otilde;es previstas no Artigo 222 da Constitui&ccedil;&atilde;o Federal contra grupos estrangeiros que controlam os portais de conte&uacute;do jornal&iacute;stico no pa&iacute;s. O artigo estabelece que 70% do capital das empresas jornal&iacute;sticas do pa&iacute;s devem pertencer a brasileiros natos ou naturalizados h&aacute; mais de dez anos. <em>(Sabrina Craide &#8211; Edi&ccedil;&atilde;o: A&eacute;cio Amado)<\/em><\/p>\n","protected":false},"excerpt":{"rendered":"<p>Reproduzido da Ag&ecirc;ncia Brasil Bras&iacute;lia &#8211; O ministro das Comunica&ccedil;&otilde;es, Jos&eacute; Artur Filardi, se reuniu hoje (22) com o ministro da Justi&ccedil;a, Luiz Paulo Barreto e o advogado-geral da Uni&atilde;o, Lu&iacute;s In&aacute;cio Adams, para debater a necessidade de aplicar restri&ccedil;&otilde;es aos portais de internet com conte&uacute;do jornal&iacute;stico de propriedade de grupos estrangeiros. No in&iacute;cio do &hellip; <a href=\"https:\/\/obscom.intervozes.org.br\/?p=24578\" class=\"more-link\">Continue lendo <span class=\"screen-reader-text\">Governo debate poss\u00edveis restri\u00e7\u00f5es a sites com conte\u00fado jornal\u00edstico<\/span> <span class=\"meta-nav\">&rarr;<\/span><\/a><\/p>\n","protected":false},"author":1,"featured_media":0,"comment_status":"open","ping_status":"open","sticky":false,"template":"","format":"standard","meta":{"footnotes":""},"categories":[39],"tags":[],"_links":{"self":[{"href":"https:\/\/obscom.intervozes.org.br\/index.php?rest_route=\/wp\/v2\/posts\/24578"}],"collection":[{"href":"https:\/\/obscom.intervozes.org.br\/index.php?rest_route=\/wp\/v2\/posts"}],"about":[{"href":"https:\/\/obscom.intervozes.org.br\/index.php?rest_route=\/wp\/v2\/types\/post"}],"author":[{"embeddable":true,"href":"https:\/\/obscom.intervozes.org.br\/index.php?rest_route=\/wp\/v2\/users\/1"}],"replies":[{"embeddable":true,"href":"https:\/\/obscom.intervozes.org.br\/index.php?rest_route=%2Fwp%2Fv2%2Fcomments&post=24578"}],"version-history":[{"count":0,"href":"https:\/\/obscom.intervozes.org.br\/index.php?rest_route=\/wp\/v2\/posts\/24578\/revisions"}],"wp:attachment":[{"href":"https:\/\/obscom.intervozes.org.br\/index.php?rest_route=%2Fwp%2Fv2%2Fmedia&parent=24578"}],"wp:term":[{"taxonomy":"category","embeddable":true,"href":"https:\/\/obscom.intervozes.org.br\/index.php?rest_route=%2Fwp%2Fv2%2Fcategories&post=24578"},{"taxonomy":"post_tag","embeddable":true,"href":"https:\/\/obscom.intervozes.org.br\/index.php?rest_route=%2Fwp%2Fv2%2Ftags&post=24578"}],"curies":[{"name":"wp","href":"https:\/\/api.w.org\/{rel}","templated":true}]}}