{"id":24577,"date":"2010-06-24T15:36:10","date_gmt":"2010-06-24T15:36:10","guid":{"rendered":"https:\/\/obscom.intervozes.org.br\/wordpress\/?p=24577"},"modified":"2010-06-24T15:36:10","modified_gmt":"2010-06-24T15:36:10","slug":"coordenador-da-unesco-defende-maior-acesso-a-informacao-jornalistica-no-pais","status":"publish","type":"post","link":"https:\/\/obscom.intervozes.org.br\/?p=24577","title":{"rendered":"Coordenador da Unesco defende maior acesso \u00e0 informa\u00e7\u00e3o jornal\u00edstica no pa\u00eds"},"content":{"rendered":"<p>   \t \t \t \t \t<!-- \t\t@page { margin: 2cm } \t\tP { margin-bottom: 0.21cm } \t--> \t  <\/p>\n<p style=\"margin-bottom: 0cm\" class=\"padrao\">Bras&iacute;lia &ndash; A sociedade brasileira enfrenta uma desigualdade no acesso &agrave; informa&ccedil;&atilde;o jornal&iacute;stica t&atilde;o grave quanto a de outros pa&iacute;ses. Foi o que afirmou o coordenador de Comunica&ccedil;&atilde;o e Informa&ccedil;&atilde;o da Organiza&ccedil;&atilde;o das Na&ccedil;&otilde;es Unidas para a Educa&ccedil;&atilde;o, a Ci&ecirc;ncia e a Cultura (Unesco), Guilherme Canela.<\/p>\n<p>&ldquo;Precisamos de um sistema de m&iacute;dia que amplie o acesso da popula&ccedil;&atilde;o &agrave;s mais diversas formas de produ&ccedil;&atilde;o de conte&uacute;do jornal&iacute;stico. H&aacute; uma pluralidade na oferta que tamb&eacute;m precisa existir no acesso&rdquo;, disse em entrevista ao programa Revista Brasil, da R&aacute;dio Nacional.<\/p>\n<p>Canela acredita que o acesso aos meios de comunica&ccedil;&atilde;o &eacute; um dos principais pontos no debate da democratiza&ccedil;&atilde;o do conte&uacute;do jornal&iacute;stico. &ldquo;Fala-se muito, por exemplo, das possibilidades democr&aacute;ticas com a internet, que s&atilde;o verdadeiras, mas &eacute; preciso que a popula&ccedil;&atilde;o tenha acesso para que isso possa se concretizar&rdquo;, acrescentou.<\/p>\n<p>O acesso &agrave; informa&ccedil;&atilde;o &eacute; uma das cinco principais categorias dispostas em um documento que vai ser apresentado hoje (23) na C&acirc;mara dos Deputados. Durante audi&ecirc;ncia p&uacute;blica, a Unesco vai lan&ccedil;ar a vers&atilde;o em portugu&ecirc;s do livro Indicadores de Desenvolvimento da M&iacute;dia: marco para a avalia&ccedil;&atilde;o do desenvolvimento dos meios de comunica&ccedil;&atilde;o. Regula&ccedil;&atilde;o pelo Estado, diversidade de empresas, tipo de conte&uacute;do e qualifica&ccedil;&atilde;o dos profissionais tamb&eacute;m fazem parte das diretrizes.<\/p>\n<p>Segundo o coordenador da Unesco, o material pode ser uma ferramenta para avaliar se a m&iacute;dia &eacute; democr&aacute;tica, mas tem que ser discutido no Brasil porque &eacute; baseado em uma proposta mundial. &ldquo;A sociedade brasileira precisa ver, dentro dos mais de 100 indicadores, quais os que mais se aproximam da realidade e do contexto do pa&iacute;s.&rdquo;<\/p>\n<p>De acordo com o coordenador, o sistema p&uacute;blico de comunica&ccedil;&atilde;o &eacute; um fator importante no combate &agrave; desigualdade de acesso &agrave; informa&ccedil;&atilde;o. &ldquo;A m&iacute;dia p&uacute;blica tem que funcionar como uma ferramenta substantiva de melhoria do direito &agrave; informa&ccedil;&atilde;o&rdquo;, defendeu.<\/p>\n<p><em>Edi&ccedil;&atilde;o: Talita Cavalcante<\/em><\/p>\n","protected":false},"excerpt":{"rendered":"<p>Bras&iacute;lia &ndash; A sociedade brasileira enfrenta uma desigualdade no acesso &agrave; informa&ccedil;&atilde;o jornal&iacute;stica t&atilde;o grave quanto a de outros pa&iacute;ses. Foi o que afirmou o coordenador de Comunica&ccedil;&atilde;o e Informa&ccedil;&atilde;o da Organiza&ccedil;&atilde;o das Na&ccedil;&otilde;es Unidas para a Educa&ccedil;&atilde;o, a Ci&ecirc;ncia e a Cultura (Unesco), Guilherme Canela. &ldquo;Precisamos de um sistema de m&iacute;dia que amplie o &hellip; <a href=\"https:\/\/obscom.intervozes.org.br\/?p=24577\" class=\"more-link\">Continue lendo <span class=\"screen-reader-text\">Coordenador da Unesco defende maior acesso \u00e0 informa\u00e7\u00e3o jornal\u00edstica no pa\u00eds<\/span> <span class=\"meta-nav\">&rarr;<\/span><\/a><\/p>\n","protected":false},"author":1,"featured_media":0,"comment_status":"open","ping_status":"open","sticky":false,"template":"","format":"standard","meta":{"footnotes":""},"categories":[40],"tags":[168],"_links":{"self":[{"href":"https:\/\/obscom.intervozes.org.br\/index.php?rest_route=\/wp\/v2\/posts\/24577"}],"collection":[{"href":"https:\/\/obscom.intervozes.org.br\/index.php?rest_route=\/wp\/v2\/posts"}],"about":[{"href":"https:\/\/obscom.intervozes.org.br\/index.php?rest_route=\/wp\/v2\/types\/post"}],"author":[{"embeddable":true,"href":"https:\/\/obscom.intervozes.org.br\/index.php?rest_route=\/wp\/v2\/users\/1"}],"replies":[{"embeddable":true,"href":"https:\/\/obscom.intervozes.org.br\/index.php?rest_route=%2Fwp%2Fv2%2Fcomments&post=24577"}],"version-history":[{"count":0,"href":"https:\/\/obscom.intervozes.org.br\/index.php?rest_route=\/wp\/v2\/posts\/24577\/revisions"}],"wp:attachment":[{"href":"https:\/\/obscom.intervozes.org.br\/index.php?rest_route=%2Fwp%2Fv2%2Fmedia&parent=24577"}],"wp:term":[{"taxonomy":"category","embeddable":true,"href":"https:\/\/obscom.intervozes.org.br\/index.php?rest_route=%2Fwp%2Fv2%2Fcategories&post=24577"},{"taxonomy":"post_tag","embeddable":true,"href":"https:\/\/obscom.intervozes.org.br\/index.php?rest_route=%2Fwp%2Fv2%2Ftags&post=24577"}],"curies":[{"name":"wp","href":"https:\/\/api.w.org\/{rel}","templated":true}]}}