{"id":24576,"date":"2010-06-24T15:34:36","date_gmt":"2010-06-24T15:34:36","guid":{"rendered":"https:\/\/obscom.intervozes.org.br\/wordpress\/?p=24576"},"modified":"2010-06-24T15:34:36","modified_gmt":"2010-06-24T15:34:36","slug":"banda-larga-governo-diz-que-prioridade-principal-e-penetracao-e-nao-velocidade","status":"publish","type":"post","link":"https:\/\/obscom.intervozes.org.br\/?p=24576","title":{"rendered":"Banda larga: governo diz que prioridade principal \u00e9 penetra\u00e7\u00e3o e n\u00e3o velocidade"},"content":{"rendered":"<p>   \t \t \t \t \t<!-- \t\t@page { margin: 2cm } \t\tP { margin-bottom: 0.21cm } \t--> \t  <\/p>\n<p style=\"margin-bottom: 0cm\" class=\"padrao\">Bras&iacute;lia &#8211; Em resposta &agrave;s cr&iacute;ticas sobre a velocidade da internet r&aacute;pida oferecida pelo Plano Nacional de Banda Larga (PNBL), o coordenador dos programas de inclus&atilde;o digital do governo federal, Cezar Alvarez, disse que a internet que o governo disponibilizar&aacute; dar&aacute; conta de rodar os aplicativos mais &quot;comumente utilizados&quot;. &quot;Muita gente reclama, mas primeiro, tem que se discutir penetra&ccedil;&atilde;o, depois a velocidade. Ela pode ir aumentando de acordo com a demanda&quot;, defendeu.<\/p>\n<p>Nesta ter&ccedil;a-feira (22), em Bras&iacute;lia, o presidente da Telebr&aacute;s, Rog&eacute;rio Santanna, dividiu a plen&aacute;ria com Alvarez em evento que debatia a inclus&atilde;o digital. Para Santanna, a expans&atilde;o da oferta de banda larga &eacute; importante para baratear o servi&ccedil;o. Em entrevista ao site EXAME, no m&ecirc;s passado, o presidente disse que o PNBL ajudaria a diminuir o pre&ccedil;o da internet.<\/p>\n<p>&quot;H&aacute; novas abordagens a serem constru&iacute;das, &eacute; necess&aacute;rio repensar os m&eacute;todos. No Brasil, cerca de cinco empresas det&ecirc;m 94.6% do neg&oacute;cio de banda larga do pa&iacute;s, &eacute; preciso abrir concorr&ecirc;ncia&quot;, criticou Santanna. Segundo ele, a proposta do PNBL n&atilde;o &eacute; disponibilizar internet totalmente livre e gratuita, mas baixar os pre&ccedil;os e democratizar os acessos.<\/p>\n<p>De acordo com o presidente da Telebr&aacute;s, o governo reconhece que parte da popula&ccedil;&atilde;o n&atilde;o teria verba para comprar computadores, e nessa situa&ccedil;&atilde;o entrariam os chamados Telecentros, que s&atilde;o alvos de discuss&atilde;o da &quot;Oficina Para Inclus&atilde;o Digital&quot; &#8211; que vai at&eacute; a pr&oacute;xima quinta-feira (24).<\/p>\n<p>J&aacute; para Cezar Alvarez, o debate sobre ter internet gr&aacute;tis no pa&iacute;s &eacute; leg&iacute;timo, mas cabe &agrave; sociedade discutir onde os investimentos ser&atilde;o feitos. &quot;Quando a gente afirma um direito, vai ter que se deparar com outros grupos que reivindicam coisas similares. Cada segmento tem uma vontade. Deve-se levar a internet para a zona rural ou para as escolas, por exemplo?&quot;, ponderou.<\/p>\n<p>Entre as promessas do Plano Nacional de Banda larga, est&aacute; internet de alta velocidade ao pre&ccedil;o m&aacute;ximo de R$ 35, dispon&iacute;vel em oito das 12 cidades-sede da Copa de 2014, ainda este ano. Bras&iacute;lia, Recife, Salvador, Fortaleza, Rio de Janeiro, Natal, Belo Horizonte e S&atilde;o Paulo e mais de 100 outras cidades devem ser beneficiadas em 2010.<\/p>\n","protected":false},"excerpt":{"rendered":"<p>Bras&iacute;lia &#8211; Em resposta &agrave;s cr&iacute;ticas sobre a velocidade da internet r&aacute;pida oferecida pelo Plano Nacional de Banda Larga (PNBL), o coordenador dos programas de inclus&atilde;o digital do governo federal, Cezar Alvarez, disse que a internet que o governo disponibilizar&aacute; dar&aacute; conta de rodar os aplicativos mais &quot;comumente utilizados&quot;. &quot;Muita gente reclama, mas primeiro, tem &hellip; <a href=\"https:\/\/obscom.intervozes.org.br\/?p=24576\" class=\"more-link\">Continue lendo <span class=\"screen-reader-text\">Banda larga: governo diz que prioridade principal \u00e9 penetra\u00e7\u00e3o e n\u00e3o velocidade<\/span> <span class=\"meta-nav\">&rarr;<\/span><\/a><\/p>\n","protected":false},"author":1,"featured_media":0,"comment_status":"open","ping_status":"open","sticky":false,"template":"","format":"standard","meta":{"footnotes":""},"categories":[40],"tags":[1123],"_links":{"self":[{"href":"https:\/\/obscom.intervozes.org.br\/index.php?rest_route=\/wp\/v2\/posts\/24576"}],"collection":[{"href":"https:\/\/obscom.intervozes.org.br\/index.php?rest_route=\/wp\/v2\/posts"}],"about":[{"href":"https:\/\/obscom.intervozes.org.br\/index.php?rest_route=\/wp\/v2\/types\/post"}],"author":[{"embeddable":true,"href":"https:\/\/obscom.intervozes.org.br\/index.php?rest_route=\/wp\/v2\/users\/1"}],"replies":[{"embeddable":true,"href":"https:\/\/obscom.intervozes.org.br\/index.php?rest_route=%2Fwp%2Fv2%2Fcomments&post=24576"}],"version-history":[{"count":0,"href":"https:\/\/obscom.intervozes.org.br\/index.php?rest_route=\/wp\/v2\/posts\/24576\/revisions"}],"wp:attachment":[{"href":"https:\/\/obscom.intervozes.org.br\/index.php?rest_route=%2Fwp%2Fv2%2Fmedia&parent=24576"}],"wp:term":[{"taxonomy":"category","embeddable":true,"href":"https:\/\/obscom.intervozes.org.br\/index.php?rest_route=%2Fwp%2Fv2%2Fcategories&post=24576"},{"taxonomy":"post_tag","embeddable":true,"href":"https:\/\/obscom.intervozes.org.br\/index.php?rest_route=%2Fwp%2Fv2%2Ftags&post=24576"}],"curies":[{"name":"wp","href":"https:\/\/api.w.org\/{rel}","templated":true}]}}