{"id":24575,"date":"2010-06-23T18:51:36","date_gmt":"2010-06-23T18:51:36","guid":{"rendered":"https:\/\/obscom.intervozes.org.br\/wordpress\/?p=24575"},"modified":"2010-06-23T18:51:36","modified_gmt":"2010-06-23T18:51:36","slug":"pela-terceira-vez-stf-adia-votacao-de-acao-contra-decreto-da-tv-digital","status":"publish","type":"post","link":"https:\/\/obscom.intervozes.org.br\/?p=24575","title":{"rendered":"Pela terceira vez, STF adia vota\u00e7\u00e3o de a\u00e7\u00e3o contra decreto da TV digital"},"content":{"rendered":"<p>   \t \t \t \t \t<!-- \t\t@page { margin: 2cm } \t\tP { margin-bottom: 0.21cm } \t--> \t  <\/p>\n<p style=\"margin-bottom: 0cm\" class=\"padrao\">A A&ccedil;&atilde;o Direta de Inconstitucionalidade 3944, que questiona a validade de artigos do decreto que estabelece regras para a implanta&ccedil;&atilde;o da TV digital, foi retirada da pauta do dia Supremo Tribunal Federal (STF) minutos antes de ser iniciado o julgamento. Os ministro do STF alegaram que a visita do presidente de Angola poderia interromper as sustenta&ccedil;&otilde;es orais dos advogados inscritos.<\/p>\n<p>Esta foi a terceira vez que a aprecia&ccedil;&atilde;o da Adin foi adiada. Nas outras ocasi&otilde;es, o julgamento foi adiado por conta da extensa lista de processos sendo julgados. Desta vez, entretanto, a a&ccedil;&atilde;o era o quarto item da pauta, o que aumentava a probabilidade de o julgamento ser iniciado.  <\/p>\n<p>A Adin, iniciada pelo PSOL, questiona o fato de o Decreto 5.820\/2006 consignar canais &agrave;s atuais emissoras sem respeitar os tr&acirc;mites constitucionais. Al&eacute;m disso, o decreto &eacute; questionado por n&atilde;o promover a diversidade na m&iacute;dia, ao n&atilde;o permitir que novos atores ingressem no sistema de radiodifus&atilde;o, o que estaria em desacordo com a Constitui&ccedil;&atilde;o, que pro&iacute;be o monop&oacute;lio e o oligop&oacute;lio no setor.<\/p>\n<p>A principal motiva&ccedil;&atilde;o da a&ccedil;&atilde;o &eacute; a avalia&ccedil;&atilde;o de que o decreto em quest&atilde;o mant&eacute;m as bases para a concentra&ccedil;&atilde;o da propriedade das emissoras de TV no pa&iacute;s. Neste sentido, o PSOL questiona principalmente os artigos que consignaram aos atuais concession&aacute;rios de televis&atilde;o novos canais digitais. A consigna&ccedil;&atilde;o foi feita sem que fossem abertos a um processo licitat&oacute;rio para outros poss&iacute;veis interessados em prestar o servi&ccedil;o, al&eacute;m de n&atilde;o terem seguido os tr&acirc;mites previstos na Constitui&ccedil;&atilde;o para a concess&atilde;o de servi&ccedil;os de radiodifus&atilde;o.<\/p>\n<p>A Procuradoria Geral da Rep&uacute;blica (PGR) considera procedente a a&ccedil;&atilde;o de inconstitucionalidade. A PGR corrobora o argumento presente na ADI de que a digitaliza&ccedil;&atilde;o n&atilde;o &eacute; apenas uma atualiza&ccedil;&atilde;o do atual servi&ccedil;o de radiodifus&atilde;o. Para al&eacute;m disso, trata-se da configura&ccedil;&atilde;o de um novo servi&ccedil;o que cria, por exemplo, a possibilidade de transmiss&atilde;o de dados &ndash; permitindo interatividade direta com o telespectador &ndash; e a recep&ccedil;&atilde;o m&oacute;vel do sinal. Sendo assim, a transmiss&atilde;o em sinal digital teria de ser considerada como um servi&ccedil;o diverso da transmiss&atilde;o anal&oacute;gica, para o qual seria necess&aacute;rio nova outorga de concess&atilde;o de canais.<\/p>\n<p>A Procuradoria defende tamb&eacute;m que a outorga dos novos canais surgidos com a digitaliza&ccedil;&atilde;o da TV deveria seguir o rito atual de renova&ccedil;&otilde;es e concess&otilde;es, sendo examinadas pelo Poder Executivo e Legislativo, nos termos do Artigo 223 da Constitui&ccedil;&atilde;o.<\/p>\n<p>O parecer da PGR questiona ainda a falta de transpar&ecirc;ncia durante o momento da escolha, pelo governo brasileiro, do padr&atilde;o japon&ecirc;s como base tecnol&oacute;gica do SBTVD. Relat&oacute;rios explicando a sociedade os motivos da ado&ccedil;&atilde;o de tal modelo deveriam ter se tornado p&uacute;blicos e n&atilde;o foram, o que violaria o direito &agrave; informa&ccedil;&atilde;o dos atos da Administra&ccedil;&atilde;o P&uacute;blica. <\/p>\n<p><a href=\"content.php?option=com_docman&amp;task=search_result&amp;Itemid=99999999\">Veja documentos relacionados &agrave; Adin. Clique aqui.<\/a><\/p>\n","protected":false},"excerpt":{"rendered":"<p>A A&ccedil;&atilde;o Direta de Inconstitucionalidade 3944, que questiona a validade de artigos do decreto que estabelece regras para a implanta&ccedil;&atilde;o da TV digital, foi retirada da pauta do dia Supremo Tribunal Federal (STF) minutos antes de ser iniciado o julgamento. Os ministro do STF alegaram que a visita do presidente de Angola poderia interromper as &hellip; <a href=\"https:\/\/obscom.intervozes.org.br\/?p=24575\" class=\"more-link\">Continue lendo <span class=\"screen-reader-text\">Pela terceira vez, STF adia vota\u00e7\u00e3o de a\u00e7\u00e3o contra decreto da TV digital<\/span> <span class=\"meta-nav\">&rarr;<\/span><\/a><\/p>\n","protected":false},"author":1,"featured_media":0,"comment_status":"open","ping_status":"open","sticky":false,"template":"","format":"standard","meta":{"footnotes":""},"categories":[40],"tags":[1333],"_links":{"self":[{"href":"https:\/\/obscom.intervozes.org.br\/index.php?rest_route=\/wp\/v2\/posts\/24575"}],"collection":[{"href":"https:\/\/obscom.intervozes.org.br\/index.php?rest_route=\/wp\/v2\/posts"}],"about":[{"href":"https:\/\/obscom.intervozes.org.br\/index.php?rest_route=\/wp\/v2\/types\/post"}],"author":[{"embeddable":true,"href":"https:\/\/obscom.intervozes.org.br\/index.php?rest_route=\/wp\/v2\/users\/1"}],"replies":[{"embeddable":true,"href":"https:\/\/obscom.intervozes.org.br\/index.php?rest_route=%2Fwp%2Fv2%2Fcomments&post=24575"}],"version-history":[{"count":0,"href":"https:\/\/obscom.intervozes.org.br\/index.php?rest_route=\/wp\/v2\/posts\/24575\/revisions"}],"wp:attachment":[{"href":"https:\/\/obscom.intervozes.org.br\/index.php?rest_route=%2Fwp%2Fv2%2Fmedia&parent=24575"}],"wp:term":[{"taxonomy":"category","embeddable":true,"href":"https:\/\/obscom.intervozes.org.br\/index.php?rest_route=%2Fwp%2Fv2%2Fcategories&post=24575"},{"taxonomy":"post_tag","embeddable":true,"href":"https:\/\/obscom.intervozes.org.br\/index.php?rest_route=%2Fwp%2Fv2%2Ftags&post=24575"}],"curies":[{"name":"wp","href":"https:\/\/api.w.org\/{rel}","templated":true}]}}