{"id":24574,"date":"2010-06-23T18:31:35","date_gmt":"2010-06-23T18:31:35","guid":{"rendered":"https:\/\/obscom.intervozes.org.br\/wordpress\/?p=24574"},"modified":"2010-06-23T18:31:35","modified_gmt":"2010-06-23T18:31:35","slug":"governo-apresenta-composicao-do-forum-brasil-conectado","status":"publish","type":"post","link":"https:\/\/obscom.intervozes.org.br\/?p=24574","title":{"rendered":"Governo apresenta composi\u00e7\u00e3o do F\u00f3rum Brasil Conectado"},"content":{"rendered":"<p>   \t \t \t \t \t<!-- \t\t@page { margin: 2cm } \t\tP { margin-bottom: 0.21cm } \t--> \t  <\/p>\n<p style=\"margin-bottom: 0cm\" class=\"padrao\">O governo lan&ccedil;ou nesta quarta-feira (23), em Bras&iacute;lia, o F&oacute;rum Brasil Conectado, inst&acirc;ncia que vai buscar estabelecer o di&aacute;logo entre sociedade e governo nos temas que ainda est&atilde;o por definir no Programa Nacional de Banda Larga (PNBL). Fazem parte dele 56 organiza&ccedil;&otilde;es e institui&ccedil;&otilde;es p&uacute;blicas e privadas representando as tr&ecirc;s esferas da Uni&atilde;o, empres&aacute;rios, academia e cidad&atilde;os. Desse total, 50 representam ou o Poder P&uacute;blico ou os setores empresariais.<\/p>\n<p>A ideia &eacute; que as organiza&ccedil;&otilde;es do F&oacute;rum formulem propostas e tamb&eacute;m emitam opini&otilde;es sobre os passos do Programa Nacional de Banda Larga. Existem v&aacute;rios temas ainda em aberto, como o modo mais eficiente de desonerar os servi&ccedil;os de telecomunica&ccedil;&otilde;es. O coordenador de Programas de Inclus&atilde;o Digital da Presid&ecirc;ncia da Rep&uacute;blica, Cezar Alvarez, deixou claro que o F&oacute;rum vai acompanhar o PNBL. &ldquo;Mesmo com o DNA forte da participa&ccedil;&atilde;o, o governo n&atilde;o vai abrir m&atilde;o das suas prerrogativas. O governo n&atilde;o deixa de ser governo&rdquo;, afirmou.<\/p>\n<p>A baixa presen&ccedil;a de entidades da sociedade civil n&atilde;o empresariais gerou cr&iacute;ticas da advogada do Instituto Brasileiro de Defesa do Consumidor (Idec) Estela Guerrini. &ldquo;A sociedade civil ficou com pouca representa&ccedil;&atilde;o. Espero que a gente consiga ter alguma incid&ecirc;ncia&rdquo;, diz. Para envolver mais as organiza&ccedil;&otilde;es que ficaram de fora do F&oacute;rum, Estela defende a divulga&ccedil;&atilde;o das discuss&otilde;es da inst&acirc;ncia para a sociedade. <\/p>\n<p>J&aacute; Cezar Alvarez entende que a sociedade est&aacute; bem representada. O conceito de sociedade civil, segundo ele, deve ser mais amplo. Ele cita, por exemplo, representantes de produtores de conte&uacute;dos, f&oacute;runs de pesquisa e at&eacute; entidades empresariais como interlocutores do cidad&atilde;o e membros da sociedade civil. Sobre a escolha dos participantes, Alvarez deu a entender que n&atilde;o existiram muitos crit&eacute;rios. &ldquo;Porque sim&rdquo;, foi sua primeira resposta. Em seguida, afirmou que se buscou um n&uacute;mero razo&aacute;vel de entidades e que elas representassem diversos segmentos.<\/p>\n<p>Na lista do F&oacute;rum Brasil Conectado figuram entidades de todos os setores  empresariais envolvidos &ndash; como as representa&ccedil;&otilde;es dos provedores de internet, das teles e da ind&uacute;stria de TI e eletroeletr&ocirc;nica. A composi&ccedil;&atilde;o ainda abarca a radiodifus&atilde;o (com a Associa&ccedil;&atilde;o Brasileira de Empresas de R&aacute;dio e TV &ndash; Abert &ndash; e a Associa&ccedil;&atilde;o Brasileira de Radiodifusores &ndash; Abra) e a TV paga (Associa&ccedil;&atilde;o Brasileira de TV por Assinatura). Por outro lado, representando os usu&aacute;rios e as organiza&ccedil;&otilde;es sociais n&atilde;o ligadas nem ao governo, empresas ou Academia, figuram apenas o Idec, a Associa&ccedil;&atilde;o Pro Teste e o F&oacute;rum Nacional pela Democratiza&ccedil;&atilde;o da Comunica&ccedil;&atilde;o (FNDC).<\/p>\n<p><strong>Sem vota&ccedil;&otilde;es<\/p>\n<p><\/strong>O F&oacute;rum &eacute; vinculado ao Comit&ecirc; Gestor de Inclus&atilde;o Digital, criado pelo Decreto n&ordm; 6.948, de 2009. Este &uacute;ltimo &eacute; presidido pela Casa Civil e composto por representantes de oito minist&eacute;rios e duas secretarias, al&eacute;m do Gabinete Pessoal do Presidente da Rep&uacute;blica. Ele deve ser a inst&acirc;ncia decis&oacute;ria das diverg&ecirc;ncias que surgirem daqui pra frente. O F&oacute;rum Brasil Conectado &eacute; vinculado a ele. Dentro dele, n&atilde;o haver&aacute; vota&ccedil;&otilde;es entre as entidades com objetivo de se construir posi&ccedil;&otilde;es majorit&aacute;rias.<\/p>\n<p>Est&atilde;o previstos semin&aacute;rios e eventos tem&aacute;ticos para discuss&otilde;es mais espec&iacute;ficas do PNBL. Entidades que ficaram de fora da lista tamb&eacute;m podem ser convocadas para dar contribui&ccedil;&otilde;es eventuais. A vontade do governo &eacute; que o F&oacute;rum seja permanente, apesar de a decis&atilde;o de revog&aacute;-lo estar nas m&atilde;os do pr&oacute;ximo presidente da Rep&uacute;blica. As reuni&otilde;es do F&oacute;rum ser&atilde;o bimestrais e acontecer&atilde;o em Bras&iacute;lia. <\/p>\n<p>Para a advogada da Associa&ccedil;&atilde;o Brasileira de Defesa do Consumidor (ProTeste) Fl&aacute;via Lef&egrave;vre, a import&acirc;ncia do F&oacute;rum vai depender de como ser&atilde;o consideradas pelo governo as proposi&ccedil;&otilde;es da sociedade. <\/p>\n<p><strong>Temas para o F&oacute;rum<\/strong><\/p>\n<p>Um dos temas que a advogada deve levar para o F&oacute;rum &eacute; a possibilidade de enquadrar o Servi&ccedil;o de Comunica&ccedil;&atilde;o de Dados &ndash; onde se encontra a internet &ndash; como um servi&ccedil;o a ser prestado em regime p&uacute;blico. Atualmente, apenas o telefone fixo &eacute; assim categorizado. Pelo regime privado n&atilde;o s&atilde;o criadas cl&aacute;usulas contratuais que prevejam a estabilidade do servi&ccedil;o, a regra da modicidade tarif&aacute;ria &ndash; que poderia baixar os altos pre&ccedil;os da internet atualmente &ndash; e a universaliza&ccedil;&atilde;o como exig&ecirc;ncias feitas &agrave;s operadores de telecomunica&ccedil;&otilde;es.<\/p>\n<p>Apesar de membros do governo que est&atilde;o coordenando a implanta&ccedil;&atilde;o do PNBL j&aacute; terem defendido que nesse momento a mudan&ccedil;a de regime n&atilde;o &eacute; prioridade na discuss&atilde;o, Lef&egrave;vre acredita que o tema deve ser discutido novamente. &ldquo;Acho que a briga est&aacute; come&ccedil;ando. Eles v&atilde;o concluir que vai ser necess&aacute;rio&rdquo;, espera ela. <\/p>\n<p>Uma a&ccedil;&atilde;o prevista ainda para este ano no PNBL &eacute; a oferta da rede de internet p&uacute;blica que ser&aacute; gerenciada pela Telebr&aacute;s em 15 capitais, al&eacute;m do Distrito Federal, utilizando 11.357 Km de fibras da Petrobras e Eletrobras. Para al&eacute;m disso, devem ser escolhidas cem cidades &ndash; a uma dist&acirc;ncia de no m&aacute;ximo 100 Km da rede principal &#8211; em que o sinal dever&aacute; chegar via r&aacute;dio. O crit&eacute;rio de escolha desses munic&iacute;pios tamb&eacute;m &eacute; pauta do rec&eacute;m formado F&oacute;rum. <\/p>\n<p>O lan&ccedil;amento do F&oacute;rum Brasil Conectado &eacute; considerado o encerramento da primeira fase do Plano Nacional de Banda Larga, que passou pela constru&ccedil;&atilde;o do Decreto n&ordm; 7.175, de maio de 2010, que lan&ccedil;ou as diretrizes para as a&ccedil;&otilde;es do PNBL. Os objetivos do Programa &ndash; o antigo Plano &#8211; s&atilde;o aumentar a oferta de rede de internet para mais cidades, diminuir o pre&ccedil;o e aumentar a velocidade do servi&ccedil;o. Para isso, o governo pretende fazer com que sua rede chegue a 80% dos brasileiros at&eacute; 2014. S&oacute; que ele deve vender essa infra-estrutura para grandes, m&eacute;dios e pequenos provedores que levar&atilde;o o sinal at&eacute; a casa das pessoas. <\/p>\n<p>Veja a composi&ccedil;&atilde;o do F&oacute;rum Brasil Conectado:<\/p>\n<p>&#8211; Casa Civil da Presid&ecirc;ncia da Rep&uacute;blica<br \/>&#8211; Gabinete Pessoal do Presidente da Rep&uacute;blica<br \/>&#8211; Minist&eacute;rio da Ci&ecirc;ncia e Tecnologia<br \/>&#8211; Minist&eacute;rio da Cultura<br \/>&#8211; Minist&eacute;rio da Educa&ccedil;&atilde;o<br \/>&#8211; Minist&eacute;rio da Fazenda<br \/>&#8211; Minist&eacute;rio da Sa&uacute;de<br \/>&#8211; Minist&eacute;rio das Comunica&ccedil;&otilde;es<br \/>&#8211; Minist&eacute;rio do Desenvolvimento, Ind&uacute;stria e Com&eacute;rcio Exterior<br \/>&#8211; Minist&eacute;rio do Planejamento, Or&ccedil;amento e Gest&atilde;o<br \/>&#8211; Secretaria de Assuntos Estrat&eacute;gicos da Presid&ecirc;ncia da Rep&uacute;blica<br \/>&#8211; Secretaria de Comunica&ccedil;&atilde;o Social da Presid&ecirc;ncia da Rep&uacute;blica<br \/>&#8211; C&acirc;mara dos Deputados<br \/>&#8211; Senado Federal<br \/>&#8211; Banco Nacional do Desenvolvimento Econ&ocirc;mico e Social (BNDES)<br \/>&#8211; Associa&ccedil;&atilde;o Brasileira de Empresas Estaduais de Processamento de Dados (Abep)<br \/>&#8211; Conselho Nacional de Pol&iacute;tica Fazend&aacute;ria (Confaz)<br \/>&#8211; Conselho Nacional de Secret&aacute;rios Estaduais do Planejamento (Conseplan)<br \/>&#8211; Conselho Nacional de Secret&aacute;rios Estaduais para Assuntos de CT&amp;I (Consecti)<br \/>&#8211; Associa&ccedil;&atilde;o Brasileira de Munic&iacute;pios (ABM)<br \/>&#8211; Associa&ccedil;&atilde;o Brasileira de Entidades Municipais de TIC (ABEMTIC)<br \/>&#8211; Confedera&ccedil;&atilde;o Nacional de Munic&iacute;pios (CNM)<br \/>&#8211; F&oacute;rum de Secret&aacute;rios Municipais de C&amp;T (FNSDMCTI)<br \/>&#8211; Frente Nacional de Prefeitos (FNP)<br \/>&#8211; Telecomunica&ccedil;&otilde;es do Brasil S.A (Telebr&aacute;s)<br \/>&#8211; Ag&ecirc;ncia Nacional de Telecomunica&ccedil;&otilde;es (Anatel)<br \/>&#8211; Conselho Nacional de Justi&ccedil;a (CNJ)<br \/>&#8211; Instituto de Pesquisa Econ&ocirc;mica Aplicada (Ipea)<br \/>&#8211; Rede Nacional de Ensino e Pesquisa (RNP)<br \/>&#8211; Comit&ecirc; Gestor da Internet no Brasil (CGI.Br)<br \/>&#8211; Associa&ccedil;&atilde;o Nacional de Pesquisa e Desenvolvimento das Empresas Inovadoras (ANPEI)<br \/>&#8211; Sociedade Brasileira para o Progresso da Ci&ecirc;ncia (SBPC)<br \/>&#8211; Um representante das sociedades cient&iacute;ficas (Soc. Bras. de Microeletr&ocirc;nica, Soc. Bras. de Computa&ccedil;&atilde;o, Soc. Bras. de Telecomunica&ccedil;&otilde;es e outros)<br \/>&#8211; Centro de Pesquisa e Desenvolvimento (CpqD)<br \/>&#8211; Associa&ccedil;&atilde;o Brasileira da Ind&uacute;stria El&eacute;trica e Eletr&ocirc;nica (Abinee)<br \/>&#8211; Associa&ccedil;&atilde;o Brasileira de Empresas de Tecnologia da Informa&ccedil;&atilde;o e Comunica&ccedil;&atilde;o (Brasscom)<br \/>&#8211; Associa&ccedil;&atilde;o das Empresas Brasileiras de Tecnologia da Informa&ccedil;&atilde;o, Softwaree Internet (Assespro Nacional)<br \/>&#8211; Cons&oacute;rcio Gente<br \/>&#8211; Associa&ccedil;&atilde;o Brasileira de Defesa do Consumidor (PROTESTE)<br \/>&#8211; Instituto Brasileiro de Defesa do Consumidor (Idec)<br \/>&#8211; F&oacute;rum Nacional pela Democratiza&ccedil;&atilde;o da Comunica&ccedil;&atilde;o (FNDC)<br \/>&#8211; Associa&ccedil;&atilde;o Brasileira das Prestadoras de Servi&ccedil;os de Telecomunica&ccedil;&otilde;es Competitivas (TELCOMP)<br \/>&#8211; Associa&ccedil;&atilde;o Brasileira de TV por Assinatura (ABTA)<br \/>&#8211; Associa&ccedil;&atilde;o Brasileira dos Provedores de Internet e Operadores de Comunica&ccedil;&atilde;o de Dados Multim&iacute;dia (Abramulti)<br \/>&#8211; Associa&ccedil;&atilde;o Brasileira dos Provedores de Acesso, Servi&ccedil;os e Informa&ccedil;&otilde;es da Rede Internet (Abranet)<br \/>&#8211; Associa&ccedil;&atilde;o Nacional das Operadoras de Celular (Acel)<br \/>&#8211; Associa&ccedil;&atilde;o Brasileira de Concession&aacute;rias de Servi&ccedil;o Telef&ocirc;nico Fixo Comutado (Abrafix)<br \/>&#8211; Sindicato Nacional das Empresas de Telefonia e de Servi&ccedil;o M&oacute;vel Celular e Pessoal (Sinditelebrasil)<br \/>&#8211; Rede de Tecnologia Social (RTS)<br \/>&#8211; Associa&ccedil;&atilde;o Brasileira de Emissoras de R&aacute;dio e Televis&atilde;o (Abert)<br \/>&#8211; Associa&ccedil;&atilde;o Brasileira de Radiodifusores (Abra)<br \/>&#8211; Associa&ccedil;&atilde;o Nacional dos Dirigentes das Institui&ccedil;&otilde;es Federais de Ensino Superior (Andifes)<br \/>&#8211; Associa&ccedil;&atilde;o Brasileira dos Produtores Independentes de Televis&atilde;o (ABPI-TV)<br \/>&#8211; Associa&ccedil;&atilde;o Brasileira das Desenvolvedoras de Jogos Eletr&ocirc;nicos (Abragames)<br \/>&#8211; F&oacute;rum da Cultura Digital Brasileira (CulturaDigital.Br)<br \/>&#8211; Feira M&uacute;sica Brasil  <\/p>\n","protected":false},"excerpt":{"rendered":"<p>&Oacute;rg&atilde;o que vai acompanhar Programa Nacional de Banda Larga tem presen&ccedil;a m&iacute;nima de organiza&ccedil;&otilde;es que representam usu&aacute;rios<\/p>\n","protected":false},"author":1,"featured_media":0,"comment_status":"open","ping_status":"open","sticky":false,"template":"","format":"standard","meta":{"footnotes":""},"categories":[40],"tags":[1123],"_links":{"self":[{"href":"https:\/\/obscom.intervozes.org.br\/index.php?rest_route=\/wp\/v2\/posts\/24574"}],"collection":[{"href":"https:\/\/obscom.intervozes.org.br\/index.php?rest_route=\/wp\/v2\/posts"}],"about":[{"href":"https:\/\/obscom.intervozes.org.br\/index.php?rest_route=\/wp\/v2\/types\/post"}],"author":[{"embeddable":true,"href":"https:\/\/obscom.intervozes.org.br\/index.php?rest_route=\/wp\/v2\/users\/1"}],"replies":[{"embeddable":true,"href":"https:\/\/obscom.intervozes.org.br\/index.php?rest_route=%2Fwp%2Fv2%2Fcomments&post=24574"}],"version-history":[{"count":0,"href":"https:\/\/obscom.intervozes.org.br\/index.php?rest_route=\/wp\/v2\/posts\/24574\/revisions"}],"wp:attachment":[{"href":"https:\/\/obscom.intervozes.org.br\/index.php?rest_route=%2Fwp%2Fv2%2Fmedia&parent=24574"}],"wp:term":[{"taxonomy":"category","embeddable":true,"href":"https:\/\/obscom.intervozes.org.br\/index.php?rest_route=%2Fwp%2Fv2%2Fcategories&post=24574"},{"taxonomy":"post_tag","embeddable":true,"href":"https:\/\/obscom.intervozes.org.br\/index.php?rest_route=%2Fwp%2Fv2%2Ftags&post=24574"}],"curies":[{"name":"wp","href":"https:\/\/api.w.org\/{rel}","templated":true}]}}