{"id":24571,"date":"2010-06-22T15:44:47","date_gmt":"2010-06-22T15:44:47","guid":{"rendered":"https:\/\/obscom.intervozes.org.br\/wordpress\/?p=24571"},"modified":"2010-06-22T15:44:47","modified_gmt":"2010-06-22T15:44:47","slug":"minc-recebe-carta-de-apoio-de-cineastas-a-modernizacao-da-lei-de-direitos-autorais","status":"publish","type":"post","link":"https:\/\/obscom.intervozes.org.br\/?p=24571","title":{"rendered":"MinC recebe carta de apoio de cineastas \u00e0 moderniza\u00e7\u00e3o da Lei de Direitos Autorais"},"content":{"rendered":"<p>   \t \t \t \t \t<!-- \t\t@page { margin: 2cm } \t\tP { margin-bottom: 0.21cm } \t--> \t  <\/p>\n<p style=\"margin-bottom: 0cm\" class=\"padrao\"><em>[T&iacute;tulo original: Apoio de cineastas]<\/em><\/p>\n<p>O ministro Juca Ferreira recebeu carta de entidades representantes de diretores e roteiristas de filmes de longa-metragem, como a Associa&ccedil;&atilde;o Paulista de Cineastas (Apaci), Associa&ccedil;&atilde;o Brasileira de Cineastas (Abraci) e Autores de Cinema (AC), onde explicitam seu apoio &agrave; moderniza&ccedil;&atilde;o da atual Lei de Direitos Autorais (Lei 9.610\/98), bem como solicitam seu encaminhamento ao Congresso Nacional assim que poss&iacute;vel.<\/p>\n<p>No documento, &eacute; destacada a participa&ccedil;&atilde;o dos realizadores cinematogr&aacute;ficos de todo o pa&iacute;s e de outras entidades envolvidas com a &aacute;rea do direito autoral, junto ao Minist&eacute;rio da Cultura, na elabora&ccedil;&atilde;o da proposta de revis&atilde;o da lei. Eles lembram que o anteprojeto recebeu elogios dos representantes de escritores e diretores audiovisuais de sete pa&iacute;ses latino-americanos reunidos recentemente no Rio de Janeiro.<\/p>\n<p>Para o representante da Associa&ccedil;&atilde;o Paulista de Cineastas, Andr&eacute; Klotzel, a reformula&ccedil;&atilde;o da lei vai organizar uma &aacute;rea que est&aacute; completamente dispersa e contradit&oacute;ria, al&eacute;m de &ldquo;acabar com certos abusos e viabilizar a arrecada&ccedil;&atilde;o dos direitos para autores cinematogr&aacute;ficos e roteiristas&rdquo;, categorias n&atilde;o contempladas no modelo atual da legisla&ccedil;&atilde;o.<\/p>\n<p>Segundo ele, a consulta p&uacute;blica &eacute; uma boa oportunidade para trazer mais alguns aperfei&ccedil;oamentos no texto, como, por exemplo, acerca dos direitos morais dos autores em suas obras e do questionamento da participa&ccedil;&atilde;o dos m&uacute;sicos como co-autores audiovisuais.<\/p>\n<p><strong>Consulta P&uacute;blica<\/strong><\/p>\n<p>Na segunda-feira, 14 de junho, o Governo Federal, via Diretoria de Direitos Intelectuais do Minist&eacute;rio da Cultura (DDI\/MinC), lan&ccedil;ou consulta p&uacute;blica para a revis&atilde;o da Lei de Direitos Autorais no Brasil. As mudan&ccedil;as visam harmonizar o direito dos produtores culturais com o direito do p&uacute;blico de acesso &agrave; Cultura, al&eacute;m de adequar a legisla&ccedil;&atilde;o &agrave; realidade das novas m&iacute;dias.<\/p>\n<p>A proposta, que ser&aacute; encaminhada &agrave; aprecia&ccedil;&atilde;o do Congresso Nacional, vem sendo elaborada pelo MinC desde 2007, quando teve in&iacute;cio a s&eacute;rie de oito semin&aacute;rios do F&oacute;rum Nacional de Direito Autoral e a realiza&ccedil;&atilde;o de mais de 80 reuni&otilde;es com segmentos sociais envolvidos com o tema, na busca de subs&iacute;dios para a elabora&ccedil;&atilde;o do anteprojeto de lei.<\/p>\n<p>Agora acontece a segunda etapa da discuss&atilde;o p&uacute;blica, que deve estender-se at&eacute; 28 de julho, quando as sugest&otilde;es colhidas ser&atilde;o incorporadas &agrave; proposta final do minist&eacute;rio e enviadas ao Legislativo. A popula&ccedil;&atilde;o poder&aacute; participar da discuss&atilde;o pelo site.  <\/p>\n","protected":false},"excerpt":{"rendered":"<p>[T&iacute;tulo original: Apoio de cineastas] O ministro Juca Ferreira recebeu carta de entidades representantes de diretores e roteiristas de filmes de longa-metragem, como a Associa&ccedil;&atilde;o Paulista de Cineastas (Apaci), Associa&ccedil;&atilde;o Brasileira de Cineastas (Abraci) e Autores de Cinema (AC), onde explicitam seu apoio &agrave; moderniza&ccedil;&atilde;o da atual Lei de Direitos Autorais (Lei 9.610\/98), bem como &hellip; <a href=\"https:\/\/obscom.intervozes.org.br\/?p=24571\" class=\"more-link\">Continue lendo <span class=\"screen-reader-text\">MinC recebe carta de apoio de cineastas \u00e0 moderniza\u00e7\u00e3o da Lei de Direitos Autorais<\/span> <span class=\"meta-nav\">&rarr;<\/span><\/a><\/p>\n","protected":false},"author":1,"featured_media":0,"comment_status":"open","ping_status":"open","sticky":false,"template":"","format":"standard","meta":{"footnotes":""},"categories":[40],"tags":[1354],"_links":{"self":[{"href":"https:\/\/obscom.intervozes.org.br\/index.php?rest_route=\/wp\/v2\/posts\/24571"}],"collection":[{"href":"https:\/\/obscom.intervozes.org.br\/index.php?rest_route=\/wp\/v2\/posts"}],"about":[{"href":"https:\/\/obscom.intervozes.org.br\/index.php?rest_route=\/wp\/v2\/types\/post"}],"author":[{"embeddable":true,"href":"https:\/\/obscom.intervozes.org.br\/index.php?rest_route=\/wp\/v2\/users\/1"}],"replies":[{"embeddable":true,"href":"https:\/\/obscom.intervozes.org.br\/index.php?rest_route=%2Fwp%2Fv2%2Fcomments&post=24571"}],"version-history":[{"count":0,"href":"https:\/\/obscom.intervozes.org.br\/index.php?rest_route=\/wp\/v2\/posts\/24571\/revisions"}],"wp:attachment":[{"href":"https:\/\/obscom.intervozes.org.br\/index.php?rest_route=%2Fwp%2Fv2%2Fmedia&parent=24571"}],"wp:term":[{"taxonomy":"category","embeddable":true,"href":"https:\/\/obscom.intervozes.org.br\/index.php?rest_route=%2Fwp%2Fv2%2Fcategories&post=24571"},{"taxonomy":"post_tag","embeddable":true,"href":"https:\/\/obscom.intervozes.org.br\/index.php?rest_route=%2Fwp%2Fv2%2Ftags&post=24571"}],"curies":[{"name":"wp","href":"https:\/\/api.w.org\/{rel}","templated":true}]}}