{"id":24567,"date":"2010-06-22T15:36:48","date_gmt":"2010-06-22T15:36:48","guid":{"rendered":"https:\/\/obscom.intervozes.org.br\/wordpress\/?p=24567"},"modified":"2010-06-22T15:36:48","modified_gmt":"2010-06-22T15:36:48","slug":"integracao-de-tecnologias-fixas-e-moveis-e-essencial-para-o-desenvolvimento-da-banda-larga","status":"publish","type":"post","link":"https:\/\/obscom.intervozes.org.br\/?p=24567","title":{"rendered":"Integra\u00e7\u00e3o de tecnologias fixas e m\u00f3veis \u00e9 essencial para o desenvolvimento da banda larga"},"content":{"rendered":"<p>   \t \t \t \t \t<!-- \t\t@page { margin: 2cm } \t\tP { margin-bottom: 0.21cm } \t--> \t  <\/p>\n<p style=\"margin-bottom: 0cm\" class=\"padrao\">No que depender da ind&uacute;stria, a expans&atilde;o e a evolu&ccedil;&atilde;o dos servi&ccedil;os de banda larga passam pela integra&ccedil;&atilde;o das tecnologias fixas e m&oacute;veis. Em debate realizado na tarde de hoje, no F&oacute;rum &Iacute;bero-americano para o desenvolvimento da banda larga, representantes dos diversos fabricantes praticamente foram un&acirc;nimes em apontar essa converg&ecirc;ncia para que as redes possam expandir e os provedores ampliem a oferta de servi&ccedil;os aos usu&aacute;rios.<\/p>\n<p>Para o presidente da Padtec, Jorge Salom&atilde;o, o caminho est&aacute; na integra&ccedil;&atilde;o das redes de fibra &oacute;ptica e wireless. &ldquo;A integra&ccedil;&atilde;o das duas re&uacute;ne dois pontos: uma &eacute; a banda e outra &eacute; a mobilidade&rdquo;, disse Salom&atilde;o, para quem a tend&ecirc;ncia &eacute; a substitui&ccedil;&atilde;o do cobre nas redes fixas de acesso pela fibra e, na ponta, um acesso com mobilidade, o que levar&aacute; &ldquo;a uma medida efetiva de banda larga.&rdquo;<\/p>\n<p>O diretor de tecnologia da Nokia Siemens para Am&eacute;rica Latina, Wilson Cardoso, tamb&eacute;m apontou como tend&ecirc;ncia a &ldquo;harmoniza&ccedil;&atilde;o dos acessos em uma rede &uacute;nica&rdquo;, com a evolu&ccedil;&atilde;o das redes para uma rede em pacote, com possibilidade de virtualiza&ccedil;&atilde;o da rede e o compartilhamento de servi&ccedil;os, numa combina&ccedil;&atilde;o de redes fixas e m&oacute;veis.<\/p>\n<p>Igualmente, Marcelo Motta, diretor da Huawei, apontou como tend&ecirc;ncia o acesso a todos os servi&ccedil;os por meio de um &uacute;nico provedor, com a rede &uacute;nica baseada em IP. &ldquo;A rede vai evoluir para a oferta de servi&ccedil;os convergentes e fazer com que o usu&aacute;rio se conecte aos mais diversos conte&uacute;dos&rdquo;, destacou.<\/p>\n<p>O gerente da Motorola, Joeval Martins, tamb&eacute;m acredita na combina&ccedil;&atilde;o das tecnologias, com o uso da rede de fibras j&aacute; constru&iacute;das e o acesso a &uacute;ltima milha com tecnologia sem-fio como meio para a expans&atilde;o de projetos de banda larga e de cobertura de cidades digitais.<\/p>\n<p>J&aacute; Edvado Santos, gerente de assuntos corporativos da Ericsson, aposta mais na mobilidade. Estudos da Ericsson mostram que em 2014, o mundo ter&aacute; 3,4 bilh&otilde;es usu&aacute;rios de banda larga, sendo 80% desses acessos baseados em tecnologia&nbsp; m&oacute;vel. &ldquo;Para a Ericsson o futuro se dar&aacute; na m&oacute;vel&rdquo;, afirmou.<\/p>\n","protected":false},"excerpt":{"rendered":"<p>No que depender da ind&uacute;stria, a expans&atilde;o e a evolu&ccedil;&atilde;o dos servi&ccedil;os de banda larga passam pela integra&ccedil;&atilde;o das tecnologias fixas e m&oacute;veis. Em debate realizado na tarde de hoje, no F&oacute;rum &Iacute;bero-americano para o desenvolvimento da banda larga, representantes dos diversos fabricantes praticamente foram un&acirc;nimes em apontar essa converg&ecirc;ncia para que as redes possam &hellip; <a href=\"https:\/\/obscom.intervozes.org.br\/?p=24567\" class=\"more-link\">Continue lendo <span class=\"screen-reader-text\">Integra\u00e7\u00e3o de tecnologias fixas e m\u00f3veis \u00e9 essencial para o desenvolvimento da banda larga<\/span> <span class=\"meta-nav\">&rarr;<\/span><\/a><\/p>\n","protected":false},"author":1,"featured_media":0,"comment_status":"open","ping_status":"open","sticky":false,"template":"","format":"standard","meta":{"footnotes":""},"categories":[40],"tags":[150],"_links":{"self":[{"href":"https:\/\/obscom.intervozes.org.br\/index.php?rest_route=\/wp\/v2\/posts\/24567"}],"collection":[{"href":"https:\/\/obscom.intervozes.org.br\/index.php?rest_route=\/wp\/v2\/posts"}],"about":[{"href":"https:\/\/obscom.intervozes.org.br\/index.php?rest_route=\/wp\/v2\/types\/post"}],"author":[{"embeddable":true,"href":"https:\/\/obscom.intervozes.org.br\/index.php?rest_route=\/wp\/v2\/users\/1"}],"replies":[{"embeddable":true,"href":"https:\/\/obscom.intervozes.org.br\/index.php?rest_route=%2Fwp%2Fv2%2Fcomments&post=24567"}],"version-history":[{"count":0,"href":"https:\/\/obscom.intervozes.org.br\/index.php?rest_route=\/wp\/v2\/posts\/24567\/revisions"}],"wp:attachment":[{"href":"https:\/\/obscom.intervozes.org.br\/index.php?rest_route=%2Fwp%2Fv2%2Fmedia&parent=24567"}],"wp:term":[{"taxonomy":"category","embeddable":true,"href":"https:\/\/obscom.intervozes.org.br\/index.php?rest_route=%2Fwp%2Fv2%2Fcategories&post=24567"},{"taxonomy":"post_tag","embeddable":true,"href":"https:\/\/obscom.intervozes.org.br\/index.php?rest_route=%2Fwp%2Fv2%2Ftags&post=24567"}],"curies":[{"name":"wp","href":"https:\/\/api.w.org\/{rel}","templated":true}]}}