{"id":24565,"date":"2010-06-21T16:54:38","date_gmt":"2010-06-21T16:54:38","guid":{"rendered":"https:\/\/obscom.intervozes.org.br\/wordpress\/?p=24565"},"modified":"2010-06-21T16:54:38","modified_gmt":"2010-06-21T16:54:38","slug":"metro-e-trens-exibirao-conteudo-da-rede-globo","status":"publish","type":"post","link":"https:\/\/obscom.intervozes.org.br\/?p=24565","title":{"rendered":"Metr\u00f4 e trens exibir\u00e3o conte\u00fado da Rede Globo"},"content":{"rendered":"<p>   \t \t \t \t \t<!-- \t\t@page { margin: 2cm } \t\tP { margin-bottom: 0.21cm } \t--> \t  <\/p>\n<p style=\"margin-bottom: 0cm\" class=\"padrao\">Com a pretens&atilde;o de levar o seu conte&uacute;do para o maior leque de m&iacute;dias diferentes, a Rede Globo fechou mais uma parceria com a Bus Midia &#8211; empresa que mant&eacute;m os monitores de TV em meios de transporte da cidade de S&atilde;o Paulo &#8211; para levar o conte&uacute;do de sua programa&ccedil;&atilde;o tamb&eacute;m para os trens e plataformas de esta&ccedil;&otilde;es de metr&ocirc;.<\/p>\n<p>Atualmente, os monitores j&aacute; transmitem trechos de programas adaptados da TV Globo em &ocirc;nibus de diversas linhas da frota paulistana. Com o novo acordo, a Bus M&iacute;dia, por meio de suas outras opera&ccedil;&otilde;es &#8211; como a TV Trilho, instalada nos trens e os monitores das paltaformas de esta&ccedil;&otilde;es de metr&ocirc; &#8211; tamb&eacute;m ganham o aval para exibir a programa&ccedil;&atilde;o da emissora.<\/p>\n<p>De acordo com a pr&oacute;pria rede Globo, n&atilde;o foi criada uma opera&ccedil;&atilde;o especial para a exibi&ccedil;&atilde;o de conte&uacute;do em m&iacute;dias out-of-home, mas sim, ampliada uma parceria que j&aacute; existia com a Bus M&iacute;dia. A emissora tamb&eacute;m esclarece que apenas tem a fun&ccedil;&atilde;o de licenciar e administrar a programa&ccedil;&atilde;o que &eacute; fornecida para a empresa de m&iacute;dia e que a sua exibi&ccedil;&atilde;o e administra&ccedil;&atilde;o de conte&uacute;do fica por conta da companhia adquirente dos direitos de transmiss&atilde;o. <\/p>\n<p>A Globo tamb&eacute;m esclareceu que esse acordo n&atilde;o prev&ecirc;, necessariamente, a veicula&ccedil;&atilde;o de seu conteudo na TV Minuto, presente dentro dos vag&otilde;es do metr&ocirc; de S&atilde;o Paulo e que &eacute; administrada pelo Grupo Bandeirantes. O que o acordo prev&ecirc; &eacute; que a Bus M&iacute;dia, agora, tem aval para utilizar os monitores presentes nas plataformas das esta&ccedil;&otilde;es de metr&ocirc;.<\/p>\n<p>Al&eacute;m da capital paulista, a Globo tamb&eacute;m prev&ecirc; distribuir seu conte&uacute;do nos meios de transporte de outras pra&ccedil;as afiliadas. De acordo com a emissora, a programa&ccedil;&atilde;o exibida nos monitores &eacute; composta por trechos adaptados e legendados de atra&ccedil;&otilde;es da grade &#8211; como novelas, programas de entretenimento e informes jornal&iacute;sticos. O tempo total de exibi&ccedil;&atilde;o de programa&ccedil;&atilde;o da Globo in&eacute;dita por dia nessas m&iacute;dias varia entre 40 e 45 minutos.<\/p>\n<p><strong>TV Minuto<\/strong><\/p>\n<p>Por conta de algumas not&iacute;cias publicadas na imprensa nesta sexta-feira 18, que informavam que o cont&eacute;udo da Globo seria exibido na TV Minuto, a pr&oacute;pria companhia enviou um comunicado, afirmando que a informa&ccedil;&atilde;o nao procede e que ela &eacute; uma empresa associada ao Grupo Bandeirantes.<\/p>\n","protected":false},"excerpt":{"rendered":"<p>Com a pretens&atilde;o de levar o seu conte&uacute;do para o maior leque de m&iacute;dias diferentes, a Rede Globo fechou mais uma parceria com a Bus Midia &#8211; empresa que mant&eacute;m os monitores de TV em meios de transporte da cidade de S&atilde;o Paulo &#8211; para levar o conte&uacute;do de sua programa&ccedil;&atilde;o tamb&eacute;m para os trens &hellip; <a href=\"https:\/\/obscom.intervozes.org.br\/?p=24565\" class=\"more-link\">Continue lendo <span class=\"screen-reader-text\">Metr\u00f4 e trens exibir\u00e3o conte\u00fado da Rede Globo<\/span> <span class=\"meta-nav\">&rarr;<\/span><\/a><\/p>\n","protected":false},"author":1,"featured_media":0,"comment_status":"open","ping_status":"open","sticky":false,"template":"","format":"standard","meta":{"footnotes":""},"categories":[40],"tags":[1353],"_links":{"self":[{"href":"https:\/\/obscom.intervozes.org.br\/index.php?rest_route=\/wp\/v2\/posts\/24565"}],"collection":[{"href":"https:\/\/obscom.intervozes.org.br\/index.php?rest_route=\/wp\/v2\/posts"}],"about":[{"href":"https:\/\/obscom.intervozes.org.br\/index.php?rest_route=\/wp\/v2\/types\/post"}],"author":[{"embeddable":true,"href":"https:\/\/obscom.intervozes.org.br\/index.php?rest_route=\/wp\/v2\/users\/1"}],"replies":[{"embeddable":true,"href":"https:\/\/obscom.intervozes.org.br\/index.php?rest_route=%2Fwp%2Fv2%2Fcomments&post=24565"}],"version-history":[{"count":0,"href":"https:\/\/obscom.intervozes.org.br\/index.php?rest_route=\/wp\/v2\/posts\/24565\/revisions"}],"wp:attachment":[{"href":"https:\/\/obscom.intervozes.org.br\/index.php?rest_route=%2Fwp%2Fv2%2Fmedia&parent=24565"}],"wp:term":[{"taxonomy":"category","embeddable":true,"href":"https:\/\/obscom.intervozes.org.br\/index.php?rest_route=%2Fwp%2Fv2%2Fcategories&post=24565"},{"taxonomy":"post_tag","embeddable":true,"href":"https:\/\/obscom.intervozes.org.br\/index.php?rest_route=%2Fwp%2Fv2%2Ftags&post=24565"}],"curies":[{"name":"wp","href":"https:\/\/api.w.org\/{rel}","templated":true}]}}