{"id":24561,"date":"2010-06-21T15:21:59","date_gmt":"2010-06-21T15:21:59","guid":{"rendered":"https:\/\/obscom.intervozes.org.br\/wordpress\/?p=24561"},"modified":"2010-06-21T15:21:59","modified_gmt":"2010-06-21T15:21:59","slug":"rede-da-tv-cidade-esta-em-leilao-lances-vao-ate-dia-23-de-junho","status":"publish","type":"post","link":"https:\/\/obscom.intervozes.org.br\/?p=24561","title":{"rendered":"Rede da TV Cidade est\u00e1 em leil\u00e3o; lances v\u00e3o at\u00e9 dia 23 de junho"},"content":{"rendered":"<p>   \t \t \t \t \t<!-- \t\t@page { margin: 2cm } \t\tP { margin-bottom: 0.21cm } \t--> \t  <\/p>\n<p style=\"margin-bottom: 0cm\" class=\"padrao\"><span class=\"padrao\">Est&aacute; em processo de leil&atilde;o judicial a rede da operadora de cabo TV Cidade nas cidades de Salvador, Aracaj&uacute;, Niter&oacute;i\/RJ, Volta Redonda\/RJ, Paulista\/PE, Olinda\/PE, Jaboat&atilde;o dos Guararapes\/PE, Recife e S&atilde;o Gon&ccedil;alo\/RJ. O leil&atilde;o decorre da disputa travada entre a operadora e a Furukawa, respons&aacute;vel pela constru&ccedil;&atilde;o da infraestrutura e que obteve na Justi&ccedil;a o direito de penhora da rede como pagamento &agrave; uma d&iacute;vida de R$ 93,122 milh&otilde;es (incluindo honor&aacute;rios advocat&iacute;cios). O edital de leil&atilde;o foi publicado no &uacute;ltimo dia 18 e o processo de venda aberto no dia seguinte. As ofertas ser&atilde;o aceitas at&eacute; o dia 23 , &agrave;s 15h. N&atilde;o havendo interessados, um novo prazo ser&aacute; aberto at&eacute; o dia 12 de julho. O lance inicial foi estabelecido em R$ 72.416.866,61 e at&eacute; o momento n&atilde;o houve nenhum interessado. O leil&atilde;o ocorre na modalidade eletr&ocirc;nica pelo site http:\/\/www.superbidjudicial.com.br . <\/p>\n<p>Segundo o descritivo dispon&iacute;vel no site, trata-se de uma rede HFC moderna, de 750 MHz, com uma densidade m&eacute;dia de 300 domic&iacute;lios cobertos por km de rede, 808 mil domic&iacute;lios cobertos no total e 3,375 mil km no total. O leil&atilde;o inclui apenas a rede e os headends, mas n&atilde;o inclui os assinantes nem a concess&atilde;o. A TV Cidade informa que ainda h&aacute; recursos judiciais poss&iacute;veis. <\/p>\n<p><strong>Complicadores <\/strong><\/p>\n<p>A situa&ccedil;&atilde;o da TV Cidade &eacute; fruto de um longo e complexo processo de disputas judiciais envolvendo a operadora e a Furukawa. Durante esse processo, a operadora de cabo interp&ocirc;s uma s&eacute;rie de recursos tentando reverter a possibilidade de ter sua rede leiloada como parte do pagamento das d&iacute;vidas, sem sucesso at&eacute; aqui. Mas a situa&ccedil;&atilde;o ainda &eacute; juridicamente complicada e a TV Cidade tem op&ccedil;&otilde;es de recursos. <\/p>\n<p>Um complicador evidente &eacute; que, quem quer que leve a rede, ter&aacute; que negociar o direito de uso da infraestrutura com a pr&oacute;pria TV Cidade, j&aacute; que h&aacute; perto de 40 mil assinantes que recebem o servi&ccedil;o de cabo por meio dessa rede. A Lei do Cabo tamb&eacute;m determina o compartilhamento das redes de cabo e a preserva&ccedil;&atilde;o do servi&ccedil;o ao assinante. <\/p>\n<p>No come&ccedil;o do ano, a Net Servi&ccedil;os, que era a principal candidata &agrave; compra da operadora (o que poderia resolver a disputa judicial com a Furukawa) desistiu da oferta. Hoje, analistas de mercado veem como potenciais interessadas a Embratel, controladora da Net, e a Oi. A Oi n&atilde;o vive um momento financeiro prop&iacute;cio a investimentos, ainda que a rede da TV Cidade esteja presente em cidades de sua &aacute;rea de atendimento. J&aacute; a Embratel est&aacute; construindo uma grande rede HFC pr&oacute;pria para a oferta de banda larga em v&aacute;rias cidades brasileiras e poderia se interessar. Entre as novas redes HFC da Embratel, a de Osasco foi a primeira a ficar pronta e j&aacute; est&aacute; operando, apenas para o servi&ccedil;o de banda larga. Segundo fontes bem informadas, contudo, a Embratel n&atilde;o teria visto at&eacute; aqui raz&atilde;o para adquirir a rede da TV Cidade, j&aacute; que sua rede pr&oacute;pria atender&aacute; os domic&iacute;lios hoje atendidos pela TV Cidade.<\/span><\/p>\n","protected":false},"excerpt":{"rendered":"<p>Est&aacute; em processo de leil&atilde;o judicial a rede da operadora de cabo TV Cidade nas cidades de Salvador, Aracaj&uacute;, Niter&oacute;i\/RJ, Volta Redonda\/RJ, Paulista\/PE, Olinda\/PE, Jaboat&atilde;o dos Guararapes\/PE, Recife e S&atilde;o Gon&ccedil;alo\/RJ. O leil&atilde;o decorre da disputa travada entre a operadora e a Furukawa, respons&aacute;vel pela constru&ccedil;&atilde;o da infraestrutura e que obteve na Justi&ccedil;a o direito &hellip; <a href=\"https:\/\/obscom.intervozes.org.br\/?p=24561\" class=\"more-link\">Continue lendo <span class=\"screen-reader-text\">Rede da TV Cidade est\u00e1 em leil\u00e3o; lances v\u00e3o at\u00e9 dia 23 de junho<\/span> <span class=\"meta-nav\">&rarr;<\/span><\/a><\/p>\n","protected":false},"author":1,"featured_media":0,"comment_status":"open","ping_status":"open","sticky":false,"template":"","format":"standard","meta":{"footnotes":""},"categories":[40],"tags":[437],"_links":{"self":[{"href":"https:\/\/obscom.intervozes.org.br\/index.php?rest_route=\/wp\/v2\/posts\/24561"}],"collection":[{"href":"https:\/\/obscom.intervozes.org.br\/index.php?rest_route=\/wp\/v2\/posts"}],"about":[{"href":"https:\/\/obscom.intervozes.org.br\/index.php?rest_route=\/wp\/v2\/types\/post"}],"author":[{"embeddable":true,"href":"https:\/\/obscom.intervozes.org.br\/index.php?rest_route=\/wp\/v2\/users\/1"}],"replies":[{"embeddable":true,"href":"https:\/\/obscom.intervozes.org.br\/index.php?rest_route=%2Fwp%2Fv2%2Fcomments&post=24561"}],"version-history":[{"count":0,"href":"https:\/\/obscom.intervozes.org.br\/index.php?rest_route=\/wp\/v2\/posts\/24561\/revisions"}],"wp:attachment":[{"href":"https:\/\/obscom.intervozes.org.br\/index.php?rest_route=%2Fwp%2Fv2%2Fmedia&parent=24561"}],"wp:term":[{"taxonomy":"category","embeddable":true,"href":"https:\/\/obscom.intervozes.org.br\/index.php?rest_route=%2Fwp%2Fv2%2Fcategories&post=24561"},{"taxonomy":"post_tag","embeddable":true,"href":"https:\/\/obscom.intervozes.org.br\/index.php?rest_route=%2Fwp%2Fv2%2Ftags&post=24561"}],"curies":[{"name":"wp","href":"https:\/\/api.w.org\/{rel}","templated":true}]}}