{"id":24559,"date":"2010-06-21T15:17:08","date_gmt":"2010-06-21T15:17:08","guid":{"rendered":"https:\/\/obscom.intervozes.org.br\/wordpress\/?p=24559"},"modified":"2014-09-07T03:00:16","modified_gmt":"2014-09-07T03:00:16","slug":"audiencia-discutira-indicadores-de-desenvolvimento-da-midia","status":"publish","type":"post","link":"https:\/\/obscom.intervozes.org.br\/?p=24559","title":{"rendered":"Audi\u00eancia discutir\u00e1 indicadores de desenvolvimento da m\u00eddia"},"content":{"rendered":"<p> \t \t \t \t<!-- \t\t@page { margin: 2cm } \t\tP { margin-bottom: 0.21cm } \t--> \t  <\/p>\n<p style=\"margin-bottom: 0cm\" class=\"western\"><span class=\"padrao\">A Comiss&atilde;o de Direitos Humanos e Minorias da C&acirc;mara dos Deputados realiza, nesta quarta-feira, audi&ecirc;ncia p&uacute;blica para discutir a cria&ccedil;&atilde;o de indicadores de desenvolvimento da m&iacute;dia. O evento &eacute; motivado pelo lan&ccedil;amento de publica&ccedil;&atilde;o da Organiza&ccedil;&atilde;o das Na&ccedil;&otilde;es Unidas para a Educa&ccedil;&atilde;o, a Ci&ecirc;ncia e a Cultura (Unesco) sobre o tema.<\/p>\n<p>O documento &ldquo;Indicadores de desenvolvimento da m&iacute;dia: marco para a avalia&ccedil;&atilde;o do desenvolvimento dos meios de comunica&ccedil;&atilde;o&rdquo; foi desenvolvido pelo Programa Internacional para o Desenvolvimento da Comunica&ccedil;&atilde;o da Unesco. A <a href=\"http:\/\/localhost\/intervozes_direitoacomunicacao\/wordpress\/?p=18407\">&iacute;ntegra da publica&ccedil;&atilde;o<\/a>  est&aacute; dispon&iacute;vel na Biblioteca do Observat&oacute;rio do Direito &agrave; Comunica&ccedil;&atilde;o.<\/p>\n<p>A audi&ecirc;ncia ser&aacute; realizada &agrave;s 14 horas, no plen&aacute;rio 9 da C&acirc;mara. <\/p>\n<p><\/span> <\/p>\n","protected":false},"excerpt":{"rendered":"<p>A Comiss&atilde;o de Direitos Humanos e Minorias da C&acirc;mara dos Deputados realiza, nesta quarta-feira, audi&ecirc;ncia p&uacute;blica para discutir a cria&ccedil;&atilde;o de indicadores de desenvolvimento da m&iacute;dia. O evento &eacute; motivado pelo lan&ccedil;amento de publica&ccedil;&atilde;o da Organiza&ccedil;&atilde;o das Na&ccedil;&otilde;es Unidas para a Educa&ccedil;&atilde;o, a Ci&ecirc;ncia e a Cultura (Unesco) sobre o tema. O documento &ldquo;Indicadores de &hellip; <a href=\"https:\/\/obscom.intervozes.org.br\/?p=24559\" class=\"more-link\">Continue lendo <span class=\"screen-reader-text\">Audi\u00eancia discutir\u00e1 indicadores de desenvolvimento da m\u00eddia<\/span> <span class=\"meta-nav\">&rarr;<\/span><\/a><\/p>\n","protected":false},"author":1,"featured_media":0,"comment_status":"open","ping_status":"open","sticky":false,"template":"","format":"standard","meta":{"footnotes":""},"categories":[39],"tags":[],"_links":{"self":[{"href":"https:\/\/obscom.intervozes.org.br\/index.php?rest_route=\/wp\/v2\/posts\/24559"}],"collection":[{"href":"https:\/\/obscom.intervozes.org.br\/index.php?rest_route=\/wp\/v2\/posts"}],"about":[{"href":"https:\/\/obscom.intervozes.org.br\/index.php?rest_route=\/wp\/v2\/types\/post"}],"author":[{"embeddable":true,"href":"https:\/\/obscom.intervozes.org.br\/index.php?rest_route=\/wp\/v2\/users\/1"}],"replies":[{"embeddable":true,"href":"https:\/\/obscom.intervozes.org.br\/index.php?rest_route=%2Fwp%2Fv2%2Fcomments&post=24559"}],"version-history":[{"count":1,"href":"https:\/\/obscom.intervozes.org.br\/index.php?rest_route=\/wp\/v2\/posts\/24559\/revisions"}],"predecessor-version":[{"id":28138,"href":"https:\/\/obscom.intervozes.org.br\/index.php?rest_route=\/wp\/v2\/posts\/24559\/revisions\/28138"}],"wp:attachment":[{"href":"https:\/\/obscom.intervozes.org.br\/index.php?rest_route=%2Fwp%2Fv2%2Fmedia&parent=24559"}],"wp:term":[{"taxonomy":"category","embeddable":true,"href":"https:\/\/obscom.intervozes.org.br\/index.php?rest_route=%2Fwp%2Fv2%2Fcategories&post=24559"},{"taxonomy":"post_tag","embeddable":true,"href":"https:\/\/obscom.intervozes.org.br\/index.php?rest_route=%2Fwp%2Fv2%2Ftags&post=24559"}],"curies":[{"name":"wp","href":"https:\/\/api.w.org\/{rel}","templated":true}]}}