{"id":24558,"date":"2010-06-18T16:55:16","date_gmt":"2010-06-18T16:55:16","guid":{"rendered":"https:\/\/obscom.intervozes.org.br\/wordpress\/?p=24558"},"modified":"2010-06-18T16:55:16","modified_gmt":"2010-06-18T16:55:16","slug":"defesa-do-consumidor-camara-senado-e-justica-incluidos-no-forum-do-pnbl","status":"publish","type":"post","link":"https:\/\/obscom.intervozes.org.br\/?p=24558","title":{"rendered":"Defesa do consumidor, C\u00e2mara, Senado e Justi\u00e7a inclu\u00eddos no f\u00f3rum do PNBL"},"content":{"rendered":"<p>   \t \t \t \t \t<!-- \t\t@page { margin: 2cm } \t\tP { margin-bottom: 0.21cm } \t--> \t  <\/p>\n<p style=\"margin-bottom: 0cm\" class=\"western\">Na pr&oacute;xima quarta-feira (23), com a presen&ccedil;a do presidente Luiz In&aacute;cio Lula da Silva, ser&aacute; instalado em Bras&iacute;lia o F&oacute;rum Brasil Digital, &oacute;rg&atilde;o que permitir&aacute; a interlocu&ccedil;&atilde;o do governo com a sociedade civil organizada sobre a&ccedil;&otilde;es e metas do Plano Nacional de Banda Larga (PNBL). Entidades de prote&ccedil;&atilde;o e defesa do consumidor, C&acirc;mara, Senado e &oacute;rg&atilde;os da justi&ccedil;a foram inclu&iacute;dos na rela&ccedil;&atilde;o de integrantes discutida na segunda-feira (14), durante a primeira reuni&atilde;o do Conselho Gestor do Programa de Inclus&atilde;o Digital (CGPID), que &eacute; o respons&aacute;vel pela gest&atilde;o do plano.<\/p>\n<p>Entidades representativas dos estados e munic&iacute;pios tamb&eacute;m ter&atilde;o presen&ccedil;a significativa no f&oacute;rum, uma vez que o entendimento do governo &eacute; de que, sem ades&atilde;o dos governos estaduais e das prefeituras, o PNBL n&atilde;o alcan&ccedil;ar&aacute; plenamente seus objetivos.J&aacute; os &oacute;rg&atilde;os representativos da sociedade civil n&atilde;o empresarial ter&atilde;o participa&ccedil;&atilde;o reduzida, caso seja confirmada a rela&ccedil;&atilde;o proposta no CGPID.<\/p>\n<p>Uma das possibilidades avaliadas na reuni&atilde;o foi a mudan&ccedil;a do nome do &oacute;rg&atilde;o, que poder&aacute; se chamar F&oacute;rum Brasil Competitivo. A coordena&ccedil;&atilde;o do f&oacute;rum dever&aacute; ficar a cargo do CGPID, j&aacute; que sua cria&ccedil;&atilde;o, funcionamento e atribui&ccedil;&otilde;es n&atilde;o foram contemplados no decreto que instituiu o PNBL.<\/p>\n<p>Veja a rela&ccedil;&atilde;o das entidades propostas para integrarem o f&oacute;rum:<\/p>\n<p>Abra (Associa&ccedil;&atilde;o Brasileira de Radiodifusores)<br \/>Abert (Associa&ccedil;&atilde;o Brasileira de Emissoras de R&aacute;dio e Televis&atilde;o)<br \/>Abemtic (Associa&ccedil;&atilde;o Brasileira de Entidades Municipais de Tecnologia da Informa&ccedil;&atilde;o e Comunica&ccedil;&atilde;o)<br \/>Abep (Associa&ccedil;&atilde;o Brasileira de Entidades Estaduais de Tecnologia da Informa&ccedil;&atilde;o e Comunica&ccedil;&atilde;o)<br \/>Abinee (Associa&ccedil;&atilde;o Brasileira da Ind&uacute;stria El&eacute;trica e Eletr&ocirc;nica)<br \/>ABM (Associa&ccedil;&atilde;o Brasileira de Munic&iacute;pios)<br \/>Abrafix (Associa&ccedil;&atilde;o Brasileira de Concession&aacute;rias do Servi&ccedil;o Telef&ocirc;nico Fixo Comutado)<br \/>ABTA (Associa&ccedil;&atilde;o Brasileira de TV por Assinatura)<br \/>Acel (Associa&ccedil;&atilde;o Nacional das Operadoras Celulares)<br \/>Anatel <br \/>Assespro (Associa&ccedil;&atilde;o das Empresas Brasileiras de Tecnologia da Informa&ccedil;&atilde;o)<br \/>Brasscom (Associa&ccedil;&atilde;o Brasileira de Empresas de Tecnologia da Informa&ccedil;&atilde;o e Comunica&ccedil;&atilde;o)<br \/>BNDES<br \/>C&acirc;mara dos Deputados<br \/>CGI.br (Comit&ecirc; Gestor da Internet no Brasil)<br \/>CNJ (Conselho Nacional de Justi&ccedil;a)<br \/>CNM (Confedera&ccedil;&atilde;o Nacional de Munic&iacute;pios)<br \/>Comit&ecirc; Executivo do PNBL (CGPID)<br \/>Confaz (Conselho Nacional de Pol&iacute;tica Fazend&aacute;ria)<br \/>Consecti (Conselho Nacional de Secret&aacute;rios Estaduais para Assuntos de CT&amp;I)<br \/>Conseplan (Conselho Nacional de Secret&aacute;rios Estaduais do Planejamento)<br \/>Cons&oacute;rcio GENTe (Grupo de Empresas Nacionais de Tecnologia)<br \/>CPqD (Centro de Pesquisa e Desenvolvimento em Telecomunica&ccedil;&otilde;es)<br \/>FNDC (F&oacute;rum Nacional para Democratiza&ccedil;&atilde;o da Comunica&ccedil;&atilde;o)<br \/>FNP (Frente Nacional de Prefeitos)<br \/>F&oacute;rum Nacional de Secret&aacute;rios Municipais de Ci&ecirc;ncia e Tecnologia<br \/>Grupo Tem&aacute;tico de Conte&uacute;do do CGPID (cinco vagas)<br \/>Idec (Instituto Brasileiro de Defesa do Consumidor)<br \/>Ipea (Instituto de Pesquisa Econ&ocirc;mica Aplicada)<br \/>Pro Teste (Associa&ccedil;&atilde;o Brasileira de Defesa do Consumidor)<br \/>RNP (Rede Nacional de Ensino e Pesquisa)<br \/>RTS (Rede de Tecnologia Social)<br \/>SBPC (Sociedade Brasileira para o Progresso da Ci&ecirc;ncia)<br \/>Senado Federal<br \/>SindiTelebrasil (Sindicato Nacional das Empresas de Telefonia e de Servi&ccedil;o M&oacute;vel Celular e Pessoal)<br \/>TelComp (Associa&ccedil;&atilde;o Brasileira das Prestadoras de Servi&ccedil;os de Telecomunica&ccedil;&otilde;es Competitivas)<br \/>Telebr&aacute;s<br \/>Al&eacute;m de entidades representantes de pequenos provedores e de estudos e pesquisas, n&atilde;o especificadas.<\/p>\n","protected":false},"excerpt":{"rendered":"<p>Na pr&oacute;xima quarta-feira (23), com a presen&ccedil;a do presidente Luiz In&aacute;cio Lula da Silva, ser&aacute; instalado em Bras&iacute;lia o F&oacute;rum Brasil Digital, &oacute;rg&atilde;o que permitir&aacute; a interlocu&ccedil;&atilde;o do governo com a sociedade civil organizada sobre a&ccedil;&otilde;es e metas do Plano Nacional de Banda Larga (PNBL). Entidades de prote&ccedil;&atilde;o e defesa do consumidor, C&acirc;mara, Senado e &hellip; <a href=\"https:\/\/obscom.intervozes.org.br\/?p=24558\" class=\"more-link\">Continue lendo <span class=\"screen-reader-text\">Defesa do consumidor, C\u00e2mara, Senado e Justi\u00e7a inclu\u00eddos no f\u00f3rum do PNBL<\/span> <span class=\"meta-nav\">&rarr;<\/span><\/a><\/p>\n","protected":false},"author":1,"featured_media":0,"comment_status":"open","ping_status":"open","sticky":false,"template":"","format":"standard","meta":{"footnotes":""},"categories":[40],"tags":[1352],"_links":{"self":[{"href":"https:\/\/obscom.intervozes.org.br\/index.php?rest_route=\/wp\/v2\/posts\/24558"}],"collection":[{"href":"https:\/\/obscom.intervozes.org.br\/index.php?rest_route=\/wp\/v2\/posts"}],"about":[{"href":"https:\/\/obscom.intervozes.org.br\/index.php?rest_route=\/wp\/v2\/types\/post"}],"author":[{"embeddable":true,"href":"https:\/\/obscom.intervozes.org.br\/index.php?rest_route=\/wp\/v2\/users\/1"}],"replies":[{"embeddable":true,"href":"https:\/\/obscom.intervozes.org.br\/index.php?rest_route=%2Fwp%2Fv2%2Fcomments&post=24558"}],"version-history":[{"count":0,"href":"https:\/\/obscom.intervozes.org.br\/index.php?rest_route=\/wp\/v2\/posts\/24558\/revisions"}],"wp:attachment":[{"href":"https:\/\/obscom.intervozes.org.br\/index.php?rest_route=%2Fwp%2Fv2%2Fmedia&parent=24558"}],"wp:term":[{"taxonomy":"category","embeddable":true,"href":"https:\/\/obscom.intervozes.org.br\/index.php?rest_route=%2Fwp%2Fv2%2Fcategories&post=24558"},{"taxonomy":"post_tag","embeddable":true,"href":"https:\/\/obscom.intervozes.org.br\/index.php?rest_route=%2Fwp%2Fv2%2Ftags&post=24558"}],"curies":[{"name":"wp","href":"https:\/\/api.w.org\/{rel}","templated":true}]}}