{"id":24557,"date":"2010-06-18T15:36:42","date_gmt":"2010-06-18T15:36:42","guid":{"rendered":"https:\/\/obscom.intervozes.org.br\/wordpress\/?p=24557"},"modified":"2010-06-18T15:36:42","modified_gmt":"2010-06-18T15:36:42","slug":"anatel-coloca-novo-regulamento-de-fiscalizacao-em-consulta-publica","status":"publish","type":"post","link":"https:\/\/obscom.intervozes.org.br\/?p=24557","title":{"rendered":"Anatel coloca novo regulamento de fiscaliza\u00e7\u00e3o em consulta p\u00fablica"},"content":{"rendered":"<p>   \t \t \t \t \t<!-- \t\t@page { margin: 2cm } \t\tP { margin-bottom: 0.21cm } \t--> \t  <\/p>\n<p style=\"margin-bottom: 0cm\" class=\"western\"><a name=\"lblTitulo\"><\/a><a name=\"lblTexto\"><\/a><strong>Reproduzido do TeleTime News<\/strong><\/p>\n<p>O conselho diretor da Anatel aprovou nesta quinta-feira, 17, proposta do novo Regulamento de Fiscaliza&ccedil;&atilde;o que ser&aacute; colocado, por 60 dias, em consulta p&uacute;blica. O texto estar&aacute; dispon&iacute;vel na p&aacute;gina da ag&ecirc;ncia na internet a partir da pr&oacute;xima ter&ccedil;a-feira, 22. <\/p>\n<p>O Regulamento de Fiscaliza&ccedil;&atilde;o tem por objetivo estabelecer os limites, procedimentos e crit&eacute;rios para o exerc&iacute;cio das atividades de fiscaliza&ccedil;&atilde;o da execu&ccedil;&atilde;o, comercializa&ccedil;&atilde;o e presta&ccedil;&atilde;o dos servi&ccedil;os, da implanta&ccedil;&atilde;o e funcionamento das redes de telecomunica&ccedil;&otilde;es, bem como da utiliza&ccedil;&atilde;o dos recursos de &oacute;rbita, de numera&ccedil;&atilde;o e do espectro de radiofrequ&ecirc;ncias, entre outros. <\/p>\n<p>A atualiza&ccedil;&atilde;o do Regulamento de Fiscaliza&ccedil;&atilde;o est&aacute; relacionada &agrave; proposta de altera&ccedil;&atilde;o do Regulamento de San&ccedil;&otilde;es Administrativas que se encontra em aprecia&ccedil;&atilde;o no conselho diretor. <\/p>\n<p>A proposta que ser&aacute; enviada &agrave; consulta p&uacute;blica traz importantes inova&ccedil;&otilde;es, entre as quais destacam-se a notifica&ccedil;&atilde;o para regulariza&ccedil;&atilde;o, a monitora&ccedil;&atilde;o dos sistemas das prestadoras em tempo real e por acesso on-line, e melhorias no planejamento anual da fiscaliza&ccedil;&atilde;o. <\/p>\n<p>Ser&atilde;o ainda realizadas audi&ecirc;ncias p&uacute;blicas em Bras&iacute;lia, Rio de Janeiro e S&atilde;o Paulo, em datas a serem definidas. <em>(Reda&ccedil;&atilde;o)<\/em><\/p>\n","protected":false},"excerpt":{"rendered":"<p>Reproduzido do TeleTime News O conselho diretor da Anatel aprovou nesta quinta-feira, 17, proposta do novo Regulamento de Fiscaliza&ccedil;&atilde;o que ser&aacute; colocado, por 60 dias, em consulta p&uacute;blica. O texto estar&aacute; dispon&iacute;vel na p&aacute;gina da ag&ecirc;ncia na internet a partir da pr&oacute;xima ter&ccedil;a-feira, 22. O Regulamento de Fiscaliza&ccedil;&atilde;o tem por objetivo estabelecer os limites, procedimentos &hellip; <a href=\"https:\/\/obscom.intervozes.org.br\/?p=24557\" class=\"more-link\">Continue lendo <span class=\"screen-reader-text\">Anatel coloca novo regulamento de fiscaliza\u00e7\u00e3o em consulta p\u00fablica<\/span> <span class=\"meta-nav\">&rarr;<\/span><\/a><\/p>\n","protected":false},"author":1,"featured_media":0,"comment_status":"open","ping_status":"open","sticky":false,"template":"","format":"standard","meta":{"footnotes":""},"categories":[39],"tags":[],"_links":{"self":[{"href":"https:\/\/obscom.intervozes.org.br\/index.php?rest_route=\/wp\/v2\/posts\/24557"}],"collection":[{"href":"https:\/\/obscom.intervozes.org.br\/index.php?rest_route=\/wp\/v2\/posts"}],"about":[{"href":"https:\/\/obscom.intervozes.org.br\/index.php?rest_route=\/wp\/v2\/types\/post"}],"author":[{"embeddable":true,"href":"https:\/\/obscom.intervozes.org.br\/index.php?rest_route=\/wp\/v2\/users\/1"}],"replies":[{"embeddable":true,"href":"https:\/\/obscom.intervozes.org.br\/index.php?rest_route=%2Fwp%2Fv2%2Fcomments&post=24557"}],"version-history":[{"count":0,"href":"https:\/\/obscom.intervozes.org.br\/index.php?rest_route=\/wp\/v2\/posts\/24557\/revisions"}],"wp:attachment":[{"href":"https:\/\/obscom.intervozes.org.br\/index.php?rest_route=%2Fwp%2Fv2%2Fmedia&parent=24557"}],"wp:term":[{"taxonomy":"category","embeddable":true,"href":"https:\/\/obscom.intervozes.org.br\/index.php?rest_route=%2Fwp%2Fv2%2Fcategories&post=24557"},{"taxonomy":"post_tag","embeddable":true,"href":"https:\/\/obscom.intervozes.org.br\/index.php?rest_route=%2Fwp%2Fv2%2Ftags&post=24557"}],"curies":[{"name":"wp","href":"https:\/\/api.w.org\/{rel}","templated":true}]}}