{"id":24556,"date":"2010-06-18T15:35:24","date_gmt":"2010-06-18T15:35:24","guid":{"rendered":"https:\/\/obscom.intervozes.org.br\/wordpress\/?p=24556"},"modified":"2010-06-18T15:35:24","modified_gmt":"2010-06-18T15:35:24","slug":"agencia-discute-internamente-contrato-de-concessao-de-cabo-em-cenario-sem-exigencia-de-licitacao","status":"publish","type":"post","link":"https:\/\/obscom.intervozes.org.br\/?p=24556","title":{"rendered":"Ag\u00eancia discute internamente contrato de concess\u00e3o de cabo em cen\u00e1rio sem exig\u00eancia de licita\u00e7\u00e3o"},"content":{"rendered":"<p>   \t \t \t \t \t<!-- \t\t@page { margin: 2cm } \t\tP { margin-bottom: 0.21cm } \t--> \t  <\/p>\n<p style=\"margin-bottom: 0cm\" class=\"padrao\">A Anatel j&aacute; iniciou processo de consulta interna sobre como ser&aacute; o novo contrato de concess&atilde;o das empresas interessadas em operar o servi&ccedil;o de TV a cabo j&aacute; em um cen&aacute;rio de inexigibilidade de licita&ccedil;&atilde;o, em linha com a decis&atilde;o do Conselho Diretor da ag&ecirc;ncia de suspender o planejamento de mercado de TV por assinatura.<\/p>\n<p>A principal novidade &eacute; que a consulta j&aacute; prev&ecirc; o pagamento de pre&ccedil;o administrativo pela outorga, ou seja, R$ 9 mil. Mas a ag&ecirc;ncia continuar&aacute; exigindo a apresenta&ccedil;&atilde;o do projeto de instala&ccedil;&atilde;o, caracter&iacute;sticas t&eacute;cnicas do projeto, rela&ccedil;&atilde;o de profissionais habilitados e a oferta do servi&ccedil;o com isen&ccedil;&atilde;o de ades&atilde;o e assinatura em pelo menos 50% das universidades, escolas, bibliotecas, museus, hospitais e postos de sa&uacute;de considerados de utilidade p&uacute;blica.<\/p>\n<p>Outra exig&ecirc;ncia &eacute; que sejam considerados fornecedores nacionais e independentes na compra dos equipamentos e servi&ccedil;os. Al&eacute;m disso, a Anatel tamb&eacute;m planeja, pelo menos no contrato que est&aacute; em discuss&atilde;o, manter a exig&ecirc;ncia de cobertura de at&eacute; 100% dos domic&iacute;lios do per&iacute;metro urbano do munic&iacute;pio no prazo de 96 meses, come&ccedil;ando a opera&ccedil;&atilde;o com uma cobertura de 10% e aumentando 10% ao ano.  <\/p>\n","protected":false},"excerpt":{"rendered":"<p>A Anatel j&aacute; iniciou processo de consulta interna sobre como ser&aacute; o novo contrato de concess&atilde;o das empresas interessadas em operar o servi&ccedil;o de TV a cabo j&aacute; em um cen&aacute;rio de inexigibilidade de licita&ccedil;&atilde;o, em linha com a decis&atilde;o do Conselho Diretor da ag&ecirc;ncia de suspender o planejamento de mercado de TV por assinatura. &hellip; <a href=\"https:\/\/obscom.intervozes.org.br\/?p=24556\" class=\"more-link\">Continue lendo <span class=\"screen-reader-text\">Ag\u00eancia discute internamente contrato de concess\u00e3o de cabo em cen\u00e1rio sem exig\u00eancia de licita\u00e7\u00e3o<\/span> <span class=\"meta-nav\">&rarr;<\/span><\/a><\/p>\n","protected":false},"author":1,"featured_media":0,"comment_status":"open","ping_status":"open","sticky":false,"template":"","format":"standard","meta":{"footnotes":""},"categories":[40],"tags":[177],"_links":{"self":[{"href":"https:\/\/obscom.intervozes.org.br\/index.php?rest_route=\/wp\/v2\/posts\/24556"}],"collection":[{"href":"https:\/\/obscom.intervozes.org.br\/index.php?rest_route=\/wp\/v2\/posts"}],"about":[{"href":"https:\/\/obscom.intervozes.org.br\/index.php?rest_route=\/wp\/v2\/types\/post"}],"author":[{"embeddable":true,"href":"https:\/\/obscom.intervozes.org.br\/index.php?rest_route=\/wp\/v2\/users\/1"}],"replies":[{"embeddable":true,"href":"https:\/\/obscom.intervozes.org.br\/index.php?rest_route=%2Fwp%2Fv2%2Fcomments&post=24556"}],"version-history":[{"count":0,"href":"https:\/\/obscom.intervozes.org.br\/index.php?rest_route=\/wp\/v2\/posts\/24556\/revisions"}],"wp:attachment":[{"href":"https:\/\/obscom.intervozes.org.br\/index.php?rest_route=%2Fwp%2Fv2%2Fmedia&parent=24556"}],"wp:term":[{"taxonomy":"category","embeddable":true,"href":"https:\/\/obscom.intervozes.org.br\/index.php?rest_route=%2Fwp%2Fv2%2Fcategories&post=24556"},{"taxonomy":"post_tag","embeddable":true,"href":"https:\/\/obscom.intervozes.org.br\/index.php?rest_route=%2Fwp%2Fv2%2Ftags&post=24556"}],"curies":[{"name":"wp","href":"https:\/\/api.w.org\/{rel}","templated":true}]}}