{"id":24553,"date":"2010-06-18T15:26:15","date_gmt":"2010-06-18T15:26:15","guid":{"rendered":"https:\/\/obscom.intervozes.org.br\/wordpress\/?p=24553"},"modified":"2010-06-18T15:26:15","modified_gmt":"2010-06-18T15:26:15","slug":"secretario-do-audiovisual-promete-fundo-de-inovacao-e-desenvolvimento","status":"publish","type":"post","link":"https:\/\/obscom.intervozes.org.br\/?p=24553","title":{"rendered":"Secret\u00e1rio do audiovisual promete fundo de inova\u00e7\u00e3o e desenvolvimento"},"content":{"rendered":"<p>   \t \t \t \t \t<!-- \t\t@page { margin: 2cm } \t\tP { margin-bottom: 0.21cm } \t--> \t  <\/p>\n<p style=\"margin-bottom: 0cm\" class=\"padrao\">No pr&oacute;ximo dia 30 deve ser lan&ccedil;ado o Fundo de Inova&ccedil;&atilde;o Audiovisual. A informa&ccedil;&atilde;o &eacute; do novo secret&aacute;rio do Audiovisual do Minist&eacute;rio da Cultura, Newton Cannito, que participou do 11&ordm; Forum Brasil &#8211; Mercado Internacional de Televis&atilde;o nesta quinta, 17. Segundo ele, o edital deve adotar um &quot;conceito amplo&quot; de inova&ccedil;&atilde;o, englobando pesquisa em &aacute;reas que n&atilde;o s&atilde;o atendidas pelas pol&iacute;ticas atuais do MinC, como desenvolvimento de formatos ou de novos modelos de neg&oacute;cios, por exemplo.<\/p>\n<p>Cannito prometeu ainda outro edital para desenvolvimento de projetos, mas que vai al&eacute;m do desenvolvimento de roteiros. A ideia, explicou a este notici&aacute;rio, &eacute; fomentar diferentes etapas do desenvolvimento de projetos, como a escolha ou forma&ccedil;&atilde;o de atores, testes de linguagem de dire&ccedil;&atilde;o ou fotografia.<\/p>\n<p><strong>Novas ideias<\/strong><\/p>\n<p>O novo secret&aacute;rio do audiovisual &quot;jogou&quot; ainda ideias que, segundo ele mesmo, ainda n&atilde;o foram desenvolvidas e que dependem de muita conversa com o setor. &quot;Mesmo que n&atilde;o seja vi&aacute;vel executar agora, expor algumas ideias pode fazer com que as pessoas passem a cobrar a&ccedil;&otilde;es da Secretaria do Audiovisual, da Ancine, do minist&eacute;rio&quot;, disse.<\/p>\n<p>Ele citou como uma das ideias o fomento ao desenvolvimento de projetos, mesmo que os projetos acabem n&atilde;o sendo realizados. &quot;Nos Estados Unidos, a cada sete projetos apenas um &eacute; realizados&quot;, disse. &quot;Os produtores precisam desenvolver diversos projetos, mesmo que nem todos se concretizem, e precisam ser remunerados por isso&quot;. Na vis&atilde;o dele, do pr&oacute;prio desenvolvimento podem sair outros produtos, que n&atilde;o aquele objeto do projeto inicial. De uma pesquisa para roteiro de fic&ccedil;&atilde;o, por exemplo, poderia sair um document&aacute;rio sobre o tema pesquisado. Al&eacute;m disso, sem a obrigatoriedade de realizar o projeto desenvolvido, os produtores poderiam abandonar aqueles que, por algum motivo, n&atilde;o deram certo j&aacute; nessa primeira etapa. &quot;Um filme desenvolvido para o trabalho de um ator espec&iacute;fico, por exemplo, poderia n&atilde;o ser feito porque o ator n&atilde;o est&aacute; dispon&iacute;vel. Talvez ele esteja em dez anos, ou surja outro ator capaz de assumir. A&iacute; sim o projeto pode ser executado&quot;, explicou.<\/p>\n<p>Outra ideia &eacute; o fomento ao desenvolvimento de formatos. &quot;Impressiona o fato de o Brasil nunca ter vendido formatos no mercado internacional&quot;, disse. &quot;A produ&ccedil;&atilde;o independente n&atilde;o tem que ser apenas de conte&uacute;do premium, n&atilde;o precisa ser document&aacute;rio e fic&ccedil;&atilde;o, &eacute; preciso ocupar todos os espa&ccedil;os da grade&quot;, disse, afirmando ser um erro condenar a produ&ccedil;&atilde;o de programas de grade.<\/p>\n<p><strong>Program&ccedil;&atilde;o<\/strong><\/p>\n<p>Por fim, Newton Cannito apontou a ideia de fomentar a cria&ccedil;&atilde;o de canais, n&atilde;o apenas de conte&uacute;do para os canais de TV. &quot;A TV n&atilde;o &eacute; s&oacute; produto audiovisual, &eacute; o fluxo de produtos, a grade de programa&ccedil;&atilde;o&quot;, disse. Na vis&atilde;o do secret&aacute;rio do Audiovisual, n&atilde;o h&aacute; motivos para fomentar a produ&ccedil;&atilde;o, e n&atilde;o financiar empresas capazes de contratar a produ&ccedil;&atilde;o. &quot;N&atilde;o fa&ccedil;o a menor ideia de como ajudar um canal independente, talvez voc&ecirc;s possam me dizer&quot;, disse, cobrando participa&ccedil;&atilde;o do setor no desenvolvimento de pol&iacute;ticas p&uacute;blicas.<\/p>\n","protected":false},"excerpt":{"rendered":"<p>No pr&oacute;ximo dia 30 deve ser lan&ccedil;ado o Fundo de Inova&ccedil;&atilde;o Audiovisual. A informa&ccedil;&atilde;o &eacute; do novo secret&aacute;rio do Audiovisual do Minist&eacute;rio da Cultura, Newton Cannito, que participou do 11&ordm; Forum Brasil &#8211; Mercado Internacional de Televis&atilde;o nesta quinta, 17. Segundo ele, o edital deve adotar um &quot;conceito amplo&quot; de inova&ccedil;&atilde;o, englobando pesquisa em &aacute;reas &hellip; <a href=\"https:\/\/obscom.intervozes.org.br\/?p=24553\" class=\"more-link\">Continue lendo <span class=\"screen-reader-text\">Secret\u00e1rio do audiovisual promete fundo de inova\u00e7\u00e3o e desenvolvimento<\/span> <span class=\"meta-nav\">&rarr;<\/span><\/a><\/p>\n","protected":false},"author":1,"featured_media":0,"comment_status":"open","ping_status":"open","sticky":false,"template":"","format":"standard","meta":{"footnotes":""},"categories":[40],"tags":[1351],"_links":{"self":[{"href":"https:\/\/obscom.intervozes.org.br\/index.php?rest_route=\/wp\/v2\/posts\/24553"}],"collection":[{"href":"https:\/\/obscom.intervozes.org.br\/index.php?rest_route=\/wp\/v2\/posts"}],"about":[{"href":"https:\/\/obscom.intervozes.org.br\/index.php?rest_route=\/wp\/v2\/types\/post"}],"author":[{"embeddable":true,"href":"https:\/\/obscom.intervozes.org.br\/index.php?rest_route=\/wp\/v2\/users\/1"}],"replies":[{"embeddable":true,"href":"https:\/\/obscom.intervozes.org.br\/index.php?rest_route=%2Fwp%2Fv2%2Fcomments&post=24553"}],"version-history":[{"count":0,"href":"https:\/\/obscom.intervozes.org.br\/index.php?rest_route=\/wp\/v2\/posts\/24553\/revisions"}],"wp:attachment":[{"href":"https:\/\/obscom.intervozes.org.br\/index.php?rest_route=%2Fwp%2Fv2%2Fmedia&parent=24553"}],"wp:term":[{"taxonomy":"category","embeddable":true,"href":"https:\/\/obscom.intervozes.org.br\/index.php?rest_route=%2Fwp%2Fv2%2Fcategories&post=24553"},{"taxonomy":"post_tag","embeddable":true,"href":"https:\/\/obscom.intervozes.org.br\/index.php?rest_route=%2Fwp%2Fv2%2Ftags&post=24553"}],"curies":[{"name":"wp","href":"https:\/\/api.w.org\/{rel}","templated":true}]}}