{"id":24541,"date":"2010-06-16T15:16:17","date_gmt":"2010-06-16T15:16:17","guid":{"rendered":"https:\/\/obscom.intervozes.org.br\/wordpress\/?p=24541"},"modified":"2010-06-16T15:16:17","modified_gmt":"2010-06-16T15:16:17","slug":"governo-anuncia-forum-brasil-digital-e-novo-comite-gestor-do-programa-de-inclusao-digital-dia-23","status":"publish","type":"post","link":"https:\/\/obscom.intervozes.org.br\/?p=24541","title":{"rendered":"Governo anuncia F\u00f3rum Brasil Digital e novo Comit\u00ea Gestor do Programa de Inclus\u00e3o Digital dia 23"},"content":{"rendered":"<p><!-- \t\t@page { margin: 2cm } \t\tP { margin-bottom: 0.21cm } \t--><\/p>\n<p style=\"margin-bottom: 0cm\" class=\"padrao\"><span class=\"padrao\"><strong>Reproduzido do TeleTime News<\/strong><\/p>\n<p><em>[T&iacute;tulo original: Governo anuncia novo comit&ecirc; e F&oacute;rum Brasil Digital dia 23]<\/em><\/p>\n<p>Deve ser anunciado oficialmente pelo presidente Lula no dia 23 de junho a nova vers&atilde;o do Comit&ecirc; Gestor do Programa de Inclus&atilde;o Digital (CGPID), &oacute;rg&atilde;o que ser&aacute; respons&aacute;vel pelo acompanhamento e gest&atilde;o do Plano Nacional de Banda Larga e o F&oacute;rum Brasil Digital (organismo respons&aacute;vel pela interlocu&ccedil;&atilde;o com a sociedade). Segundo o decreto do PNBL, s&atilde;o atribui&ccedil;&otilde;es do comit&ecirc; definir as a&ccedil;&otilde;es, metas e prioridades do plano; promover e fomentar parcerias entre entidades p&uacute;blicas e privadas; fixar a defini&ccedil;&atilde;o t&eacute;cnica de acesso em banda larga, para os fins do PNBL; acompanhar e avaliar as a&ccedil;&otilde;es de implementa&ccedil;&atilde;o do PNBL; e publicar relat&oacute;rio anual das a&ccedil;&otilde;es, metas e resultados do PNBL. O f&oacute;rum dever&aacute; ter cerca de 50 entidades participantes, dos quais um pouco mais da metade ser&aacute; composta de &oacute;rg&atilde;os ligados ao governo. A solenidade est&aacute; marcada para as 10 da manh&atilde;, em Bras&iacute;lia. <em>(Reda&ccedil;&atilde;o)<\/em><\/span><\/p>\n","protected":false},"excerpt":{"rendered":"<p>Reproduzido do TeleTime News [T&iacute;tulo original: Governo anuncia novo comit&ecirc; e F&oacute;rum Brasil Digital dia 23] Deve ser anunciado oficialmente pelo presidente Lula no dia 23 de junho a nova vers&atilde;o do Comit&ecirc; Gestor do Programa de Inclus&atilde;o Digital (CGPID), &oacute;rg&atilde;o que ser&aacute; respons&aacute;vel pelo acompanhamento e gest&atilde;o do Plano Nacional de Banda Larga e &hellip; <a href=\"https:\/\/obscom.intervozes.org.br\/?p=24541\" class=\"more-link\">Continue lendo <span class=\"screen-reader-text\">Governo anuncia F\u00f3rum Brasil Digital e novo Comit\u00ea Gestor do Programa de Inclus\u00e3o Digital dia 23<\/span> <span class=\"meta-nav\">&rarr;<\/span><\/a><\/p>\n","protected":false},"author":1,"featured_media":0,"comment_status":"open","ping_status":"open","sticky":false,"template":"","format":"standard","meta":{"footnotes":""},"categories":[39],"tags":[],"_links":{"self":[{"href":"https:\/\/obscom.intervozes.org.br\/index.php?rest_route=\/wp\/v2\/posts\/24541"}],"collection":[{"href":"https:\/\/obscom.intervozes.org.br\/index.php?rest_route=\/wp\/v2\/posts"}],"about":[{"href":"https:\/\/obscom.intervozes.org.br\/index.php?rest_route=\/wp\/v2\/types\/post"}],"author":[{"embeddable":true,"href":"https:\/\/obscom.intervozes.org.br\/index.php?rest_route=\/wp\/v2\/users\/1"}],"replies":[{"embeddable":true,"href":"https:\/\/obscom.intervozes.org.br\/index.php?rest_route=%2Fwp%2Fv2%2Fcomments&post=24541"}],"version-history":[{"count":0,"href":"https:\/\/obscom.intervozes.org.br\/index.php?rest_route=\/wp\/v2\/posts\/24541\/revisions"}],"wp:attachment":[{"href":"https:\/\/obscom.intervozes.org.br\/index.php?rest_route=%2Fwp%2Fv2%2Fmedia&parent=24541"}],"wp:term":[{"taxonomy":"category","embeddable":true,"href":"https:\/\/obscom.intervozes.org.br\/index.php?rest_route=%2Fwp%2Fv2%2Fcategories&post=24541"},{"taxonomy":"post_tag","embeddable":true,"href":"https:\/\/obscom.intervozes.org.br\/index.php?rest_route=%2Fwp%2Fv2%2Ftags&post=24541"}],"curies":[{"name":"wp","href":"https:\/\/api.w.org\/{rel}","templated":true}]}}