{"id":24537,"date":"2010-06-15T13:30:26","date_gmt":"2010-06-15T13:30:26","guid":{"rendered":"https:\/\/obscom.intervozes.org.br\/wordpress\/?p=24537"},"modified":"2010-06-15T13:30:26","modified_gmt":"2010-06-15T13:30:26","slug":"pl-292007-ganha-redacao-final-na-camara","status":"publish","type":"post","link":"https:\/\/obscom.intervozes.org.br\/?p=24537","title":{"rendered":"PL 29\/2007 ganha reda\u00e7\u00e3o final na C\u00e2mara"},"content":{"rendered":"<p><!-- \t\t@page { margin: 2cm } \t\tP { margin-bottom: 0.21cm } \t--><\/p>\n<p style=\"margin-bottom: 0cm\" class=\"padrao\"><a name=\"lblTitulo1\" title=\"lblTitulo1\"><\/a><strong>Reproduzido do TeleTime News<\/strong><\/p>\n<p>O deputado Eduardo Cunha (PMDB\/RJ) publicou nesta ter&ccedil;a, dia 14, a reda&ccedil;&atilde;o final do PL 29\/2007 na Comiss&atilde;o de Constitui&ccedil;&atilde;o e Justi&ccedil;a da C&acirc;mara. Trata-se do texto final aprovado pela comiss&atilde;o e que deve seguir ao Senado nos pr&oacute;ximos dias. A &uacute;nica etapa burocr&aacute;tica a ser cumprida &eacute; uma vota&ccedil;&atilde;o formal da reda&ccedil;&atilde;o final na CCJ, mas n&atilde;o deve haver mais nenhuma altera&ccedil;&atilde;o no texto. O projeto voltou a andar depois que o recurso para vota&ccedil;&atilde;o em plen&aacute;rio foi derrubado, na semana passada. Ap&oacute;s a formaliza&ccedil;&atilde;o do texto pela CCJ, o que deve acontecer nos pr&oacute;ximos dias, o PL 29 segue ao Senado, onde aguardar&aacute; defini&ccedil;&atilde;o de relator. Por enquanto, o senador Flexa Ribeiro (PSDB\/PA) e o senador H&eacute;lio Costa (PMDB\/MG) s&atilde;o os dois nomes mais cotados. Flexa j&aacute; manifestou o interesse de relatar o projeto, mas teria dificuldades porque uma proposi&ccedil;&atilde;o de sua autoria (PLS 280\/2007) poderia ser apensada ao PL 29, e isso dificulta sua atividade como relator. A &iacute;ntegra da reda&ccedil;&atilde;o final do PL 29 aprovado na C&acirc;mara dos Deputados est&aacute; dispon&iacute;vel na homepage do site <a href=\"http:\/\/i.teletime.com.br\/arqs\/Outro\/19241.pdf\" target=\"_blank\">TELETIME<\/a>. <em>(Samuel Possebon)<\/em><\/p>\n","protected":false},"excerpt":{"rendered":"<p>Reproduzido do TeleTime News O deputado Eduardo Cunha (PMDB\/RJ) publicou nesta ter&ccedil;a, dia 14, a reda&ccedil;&atilde;o final do PL 29\/2007 na Comiss&atilde;o de Constitui&ccedil;&atilde;o e Justi&ccedil;a da C&acirc;mara. Trata-se do texto final aprovado pela comiss&atilde;o e que deve seguir ao Senado nos pr&oacute;ximos dias. A &uacute;nica etapa burocr&aacute;tica a ser cumprida &eacute; uma vota&ccedil;&atilde;o formal &hellip; <a href=\"https:\/\/obscom.intervozes.org.br\/?p=24537\" class=\"more-link\">Continue lendo <span class=\"screen-reader-text\">PL 29\/2007 ganha reda\u00e7\u00e3o final na C\u00e2mara<\/span> <span class=\"meta-nav\">&rarr;<\/span><\/a><\/p>\n","protected":false},"author":1,"featured_media":0,"comment_status":"open","ping_status":"open","sticky":false,"template":"","format":"standard","meta":{"footnotes":""},"categories":[39],"tags":[],"_links":{"self":[{"href":"https:\/\/obscom.intervozes.org.br\/index.php?rest_route=\/wp\/v2\/posts\/24537"}],"collection":[{"href":"https:\/\/obscom.intervozes.org.br\/index.php?rest_route=\/wp\/v2\/posts"}],"about":[{"href":"https:\/\/obscom.intervozes.org.br\/index.php?rest_route=\/wp\/v2\/types\/post"}],"author":[{"embeddable":true,"href":"https:\/\/obscom.intervozes.org.br\/index.php?rest_route=\/wp\/v2\/users\/1"}],"replies":[{"embeddable":true,"href":"https:\/\/obscom.intervozes.org.br\/index.php?rest_route=%2Fwp%2Fv2%2Fcomments&post=24537"}],"version-history":[{"count":0,"href":"https:\/\/obscom.intervozes.org.br\/index.php?rest_route=\/wp\/v2\/posts\/24537\/revisions"}],"wp:attachment":[{"href":"https:\/\/obscom.intervozes.org.br\/index.php?rest_route=%2Fwp%2Fv2%2Fmedia&parent=24537"}],"wp:term":[{"taxonomy":"category","embeddable":true,"href":"https:\/\/obscom.intervozes.org.br\/index.php?rest_route=%2Fwp%2Fv2%2Fcategories&post=24537"},{"taxonomy":"post_tag","embeddable":true,"href":"https:\/\/obscom.intervozes.org.br\/index.php?rest_route=%2Fwp%2Fv2%2Ftags&post=24537"}],"curies":[{"name":"wp","href":"https:\/\/api.w.org\/{rel}","templated":true}]}}