{"id":24531,"date":"2010-06-14T15:12:00","date_gmt":"2010-06-14T15:12:00","guid":{"rendered":"https:\/\/obscom.intervozes.org.br\/wordpress\/?p=24531"},"modified":"2010-06-14T15:12:00","modified_gmt":"2010-06-14T15:12:00","slug":"abraco-diz-que-anatel-reprime-radios-comunitarias-a-pedido-das-emissoras-comerciais","status":"publish","type":"post","link":"https:\/\/obscom.intervozes.org.br\/?p=24531","title":{"rendered":"Abra\u00e7o diz que Anatel reprime r\u00e1dios comunit\u00e1rias a pedido das emissoras comerciais"},"content":{"rendered":"<p>   \t \t \t \t \t<!-- \t\t@page { margin: 2cm } \t\tP { margin-bottom: 0.21cm } \t--> \t  <\/p>\n<p style=\"margin-bottom: 0cm\" class=\"padrao\">O coordenador-executivo da Abra&ccedil;o (Associa&ccedil;&atilde;o&nbsp; Brasileira de Radiodifus&atilde;o Comunit&aacute;ria), Jos&eacute; S&oacute;ter, fez graves den&uacute;ncias sobre a fiscaliza&ccedil;&atilde;o da Anatel nas r&aacute;dios comunit&aacute;rias, em reuni&atilde;o do Conselho Consultivo da ag&ecirc;ncia, realizada na manh&atilde; desta segunda-feira (14). Segundo ele, a averigua&ccedil;&atilde;o dos fiscais normalmente &eacute; provocada a pedido das emissoras comerciais e que h&aacute; um caso comprovado de que os fiscais em S&atilde;o Paulo foram at&eacute; as r&aacute;dios em carros alugados pela Abert (Associa&ccedil;&atilde;o Brasileira de Emissoras de R&aacute;dio e de Televis&atilde;o), denuncia enviada ao Minist&eacute;rio das Comunica&ccedil;&otilde;es e que n&atilde;o foi apurada.<\/p>\n<p>Al&eacute;m disso, S&oacute;ter informou que fiscais da Anatel lacraram e apreenderam transmissores de r&aacute;dios comunit&aacute;rias em Santa Catarina e Rio Grande do Sul, alegando falta de homologa&ccedil;&atilde;o dos equipamentos, apesar de estarem regularizados. &ldquo;N&atilde;o somos contra a fiscaliza&ccedil;&atilde;o, mas n&atilde;o podemos aceitar que as emissoras mercantis se utilizem da Anatel para reprimir as r&aacute;dios comunit&aacute;rias&rdquo;, disse.<\/p>\n<p>S&oacute;ter disse que n&atilde;o acredita que a repress&atilde;o &agrave;s r&aacute;dios comunit&aacute;rias seja uma pol&iacute;tica da Anatel e atribui os conflitos &agrave; falta de capacita&ccedil;&atilde;o dos fiscais, que n&atilde;o s&atilde;o treinados para tratar desigualmente os desiguais. Ele reclamou tamb&eacute;m da falta de apresenta&ccedil;&atilde;o pelos fiscais do laudo t&eacute;cnico de interfer&ecirc;ncia que justifique a averigua&ccedil;&atilde;o de irregularidades. &ldquo;A fiscaliza&ccedil;&atilde;o da ag&ecirc;ncia &eacute; um le&atilde;o para as r&aacute;dios comunit&aacute;rias e um ratinho para as emissoras comerciais&rdquo;, comparou.<\/p>\n<p>O coordenador-executivo da Abra&ccedil;o tamb&eacute;m n&atilde;o poupou cr&iacute;ticas ao departamento de outorgas do Minist&eacute;rio das Comunica&ccedil;&otilde;es, que, segundo ele, trata as r&aacute;dios comunit&aacute;rias como um estorvo, enquanto atende a todas reivindica&ccedil;&otilde;es das emissoras comerciais. &ldquo;H&aacute; v&aacute;rios governos esse departamento persegue e dificulta a democratiza&ccedil;&atilde;o das comunica&ccedil;&otilde;es&rdquo;, disse.<\/p>\n<p>S&oacute;ter tamb&eacute;m reclamou da elabora&ccedil;&atilde;o do plano de refer&ecirc;ncia das r&aacute;dios comunit&aacute;rias pela Anatel, que limita a propaga&ccedil;&atilde;o das r&aacute;dios comunit&aacute;rias deixando uma faixa de dois quil&ocirc;metros sem acesso ao sinal das emissoras comunit&aacute;rias. Ele informou que a Anatel baseia o plano em determina&ccedil;&atilde;o do Minicom, que n&atilde;o corresponde ao que est&aacute; na lei de cria&ccedil;&atilde;o do servi&ccedil;o.<\/p>\n<p>O gerente-geral de Administra&ccedil;&atilde;o de Planos de Radiofrequ&ecirc;ncia da Anatel, Yapir Marotta, reconheceu que, com o plano atual, as emissoras comunit&aacute;rias atingem apenas 6% da popula&ccedil;&atilde;o que deveria atender. Mas disse que o plano &eacute; feito com base na lei de cria&ccedil;&atilde;o do servi&ccedil;o, que traz amarras &agrave; pluralidade de acesso dessas r&aacute;dios.<\/p>\n<p>Os integrantes do Conselho Consultivo consideraram as den&uacute;ncias feitas pela Abra&ccedil;o como &ldquo;graves&rdquo; e solicitaram c&oacute;pia dos documentos enviados ao Minicom para tomar as provid&ecirc;ncias cab&iacute;veis para apura&ccedil;&atilde;o das irregularidades. Por sugest&atilde;o do conselheiro Jos&eacute; Zunga, dever&aacute; ser criado um grupo de trabalho para encaminhar os conflitos entre a ag&ecirc;ncia e as r&aacute;dios comunit&aacute;rias.<\/p>\n","protected":false},"excerpt":{"rendered":"<p>O coordenador-executivo da Abra&ccedil;o (Associa&ccedil;&atilde;o&nbsp; Brasileira de Radiodifus&atilde;o Comunit&aacute;ria), Jos&eacute; S&oacute;ter, fez graves den&uacute;ncias sobre a fiscaliza&ccedil;&atilde;o da Anatel nas r&aacute;dios comunit&aacute;rias, em reuni&atilde;o do Conselho Consultivo da ag&ecirc;ncia, realizada na manh&atilde; desta segunda-feira (14). Segundo ele, a averigua&ccedil;&atilde;o dos fiscais normalmente &eacute; provocada a pedido das emissoras comerciais e que h&aacute; um caso comprovado &hellip; <a href=\"https:\/\/obscom.intervozes.org.br\/?p=24531\" class=\"more-link\">Continue lendo <span class=\"screen-reader-text\">Abra\u00e7o diz que Anatel reprime r\u00e1dios comunit\u00e1rias a pedido das emissoras comerciais<\/span> <span class=\"meta-nav\">&rarr;<\/span><\/a><\/p>\n","protected":false},"author":1,"featured_media":0,"comment_status":"open","ping_status":"open","sticky":false,"template":"","format":"standard","meta":{"footnotes":""},"categories":[40],"tags":[912],"_links":{"self":[{"href":"https:\/\/obscom.intervozes.org.br\/index.php?rest_route=\/wp\/v2\/posts\/24531"}],"collection":[{"href":"https:\/\/obscom.intervozes.org.br\/index.php?rest_route=\/wp\/v2\/posts"}],"about":[{"href":"https:\/\/obscom.intervozes.org.br\/index.php?rest_route=\/wp\/v2\/types\/post"}],"author":[{"embeddable":true,"href":"https:\/\/obscom.intervozes.org.br\/index.php?rest_route=\/wp\/v2\/users\/1"}],"replies":[{"embeddable":true,"href":"https:\/\/obscom.intervozes.org.br\/index.php?rest_route=%2Fwp%2Fv2%2Fcomments&post=24531"}],"version-history":[{"count":0,"href":"https:\/\/obscom.intervozes.org.br\/index.php?rest_route=\/wp\/v2\/posts\/24531\/revisions"}],"wp:attachment":[{"href":"https:\/\/obscom.intervozes.org.br\/index.php?rest_route=%2Fwp%2Fv2%2Fmedia&parent=24531"}],"wp:term":[{"taxonomy":"category","embeddable":true,"href":"https:\/\/obscom.intervozes.org.br\/index.php?rest_route=%2Fwp%2Fv2%2Fcategories&post=24531"},{"taxonomy":"post_tag","embeddable":true,"href":"https:\/\/obscom.intervozes.org.br\/index.php?rest_route=%2Fwp%2Fv2%2Ftags&post=24531"}],"curies":[{"name":"wp","href":"https:\/\/api.w.org\/{rel}","templated":true}]}}