{"id":24530,"date":"2010-06-14T15:09:39","date_gmt":"2010-06-14T15:09:39","guid":{"rendered":"https:\/\/obscom.intervozes.org.br\/wordpress\/?p=24530"},"modified":"2010-06-14T15:09:39","modified_gmt":"2010-06-14T15:09:39","slug":"anatel-fecha-e-apreende-equipamentos-de-radio-comunitaria-gaucha-outorgada","status":"publish","type":"post","link":"https:\/\/obscom.intervozes.org.br\/?p=24530","title":{"rendered":"Anatel fecha e apreende equipamentos de R\u00e1dio Comunit\u00e1ria ga\u00facha outorgada"},"content":{"rendered":"<p>   \t \t \t \t \t<!-- \t\t@page { margin: 2cm } \t\tP { margin-bottom: 0.21cm } \t--> \t  <\/p>\n<p style=\"margin-bottom: 0cm\" class=\"padrao\"><strong>Reproduzido do site do IHU &#8211; Instituto Humanitas Unisinos <\/strong><\/p>\n<p>No dia 10 de junho, a Ag&ecirc;ncia Nacional de Telecomunica&ccedil;&otilde;es (ANATEL) fechou e apreendeu os equipamentos da R&aacute;dio Comunit&aacute;ria de Santa Cruz do Sul, no Rio Grande do Sul. De acordo com a Associa&ccedil;&atilde;o Brasileira de Radiodifus&atilde;o Comunit&aacute;ria (Abra&ccedil;o Nacional), a r&aacute;dio estava funcionando de forma legalizada, com outorga concedida pelo estado brasileiro inclusive pelo Congresso Nacional.<\/p>\n<p>A not&iacute;cia &eacute; da Adital, 11\/06\/2010.<\/p>\n<p>Segundo a Associa&ccedil;&atilde;o, os t&eacute;cnicos, sob a argumenta&ccedil;&atilde;o de que a r&aacute;dio estaria fora das especifica&ccedil;&otilde;es t&eacute;cnicas, apreenderam com o aux&iacute;lio de for&ccedil;a policial os equipamentos que possibilitam que &aacute; r&aacute;dio permane&ccedil;a no ar como tamb&eacute;m o representante da r&aacute;dio. Quando na verdade o m&aacute;ximo que poderiam fazer, antes que fosse comprovada qualquer irregularidade, seria lacrar os equipamentos.<\/p>\n","protected":false},"excerpt":{"rendered":"<p>Reproduzido do site do IHU &#8211; Instituto Humanitas Unisinos No dia 10 de junho, a Ag&ecirc;ncia Nacional de Telecomunica&ccedil;&otilde;es (ANATEL) fechou e apreendeu os equipamentos da R&aacute;dio Comunit&aacute;ria de Santa Cruz do Sul, no Rio Grande do Sul. De acordo com a Associa&ccedil;&atilde;o Brasileira de Radiodifus&atilde;o Comunit&aacute;ria (Abra&ccedil;o Nacional), a r&aacute;dio estava funcionando de forma &hellip; <a href=\"https:\/\/obscom.intervozes.org.br\/?p=24530\" class=\"more-link\">Continue lendo <span class=\"screen-reader-text\">Anatel fecha e apreende equipamentos de R\u00e1dio Comunit\u00e1ria ga\u00facha outorgada<\/span> <span class=\"meta-nav\">&rarr;<\/span><\/a><\/p>\n","protected":false},"author":1,"featured_media":0,"comment_status":"open","ping_status":"open","sticky":false,"template":"","format":"standard","meta":{"footnotes":""},"categories":[39],"tags":[],"_links":{"self":[{"href":"https:\/\/obscom.intervozes.org.br\/index.php?rest_route=\/wp\/v2\/posts\/24530"}],"collection":[{"href":"https:\/\/obscom.intervozes.org.br\/index.php?rest_route=\/wp\/v2\/posts"}],"about":[{"href":"https:\/\/obscom.intervozes.org.br\/index.php?rest_route=\/wp\/v2\/types\/post"}],"author":[{"embeddable":true,"href":"https:\/\/obscom.intervozes.org.br\/index.php?rest_route=\/wp\/v2\/users\/1"}],"replies":[{"embeddable":true,"href":"https:\/\/obscom.intervozes.org.br\/index.php?rest_route=%2Fwp%2Fv2%2Fcomments&post=24530"}],"version-history":[{"count":0,"href":"https:\/\/obscom.intervozes.org.br\/index.php?rest_route=\/wp\/v2\/posts\/24530\/revisions"}],"wp:attachment":[{"href":"https:\/\/obscom.intervozes.org.br\/index.php?rest_route=%2Fwp%2Fv2%2Fmedia&parent=24530"}],"wp:term":[{"taxonomy":"category","embeddable":true,"href":"https:\/\/obscom.intervozes.org.br\/index.php?rest_route=%2Fwp%2Fv2%2Fcategories&post=24530"},{"taxonomy":"post_tag","embeddable":true,"href":"https:\/\/obscom.intervozes.org.br\/index.php?rest_route=%2Fwp%2Fv2%2Ftags&post=24530"}],"curies":[{"name":"wp","href":"https:\/\/api.w.org\/{rel}","templated":true}]}}