{"id":24528,"date":"2010-06-11T19:02:49","date_gmt":"2010-06-11T19:02:49","guid":{"rendered":"https:\/\/obscom.intervozes.org.br\/wordpress\/?p=24528"},"modified":"2010-06-11T19:02:49","modified_gmt":"2010-06-11T19:02:49","slug":"ministerio-da-cultura-lanca-consulta-publica-sobre-direitos-autorais","status":"publish","type":"post","link":"https:\/\/obscom.intervozes.org.br\/?p=24528","title":{"rendered":"Minist\u00e9rio da Cultura lan\u00e7a consulta p\u00fablica sobre direitos autorais"},"content":{"rendered":"<p>   \t \t \t \t \t<!-- \t\t@page { margin: 2cm } \t\tP { margin-bottom: 0.21cm } \t--> \t  <\/p>\n<p style=\"margin-bottom: 0cm\" class=\"padrao\">O Minist&eacute;rio da Cultura lan&ccedil;a na segunda-feira (14) a consulta p&uacute;blica do Anteprojeto de Lei de Direitos Autorais. A proposta &eacute; que se revise a Lei 9.610\/98, para tentar conciliar os direitos do autor, o acesso &agrave; cultura e ao conhecimento, e a &quot;seguran&ccedil;a jur&iacute;dica do investidor&quot;.&nbsp;<\/p>\n<p>Avalia&ccedil;&otilde;es do pr&oacute;prio minist&eacute;rio e de especialistas apontam que a lei em vigor n&atilde;o equilibra o interesse privado dos detentores de direito autoral e o interesse p&uacute;blico de acesso &agrave; informa&ccedil;&atilde;o, que est&aacute; ligado ao direito &agrave; educa&ccedil;&atilde;o, &agrave; cultura, e ao conhecimento.&nbsp;A atual regra, r&iacute;gida, limita o n&uacute;mero situa&ccedil;&otilde;es em que obras podem ser utilizadas sem autoriza&ccedil;&atilde;o pr&eacute;via ou pagamento.<\/p>\n","protected":false},"excerpt":{"rendered":"<p>O Minist&eacute;rio da Cultura lan&ccedil;a na segunda-feira (14) a consulta p&uacute;blica do Anteprojeto de Lei de Direitos Autorais. A proposta &eacute; que se revise a Lei 9.610\/98, para tentar conciliar os direitos do autor, o acesso &agrave; cultura e ao conhecimento, e a &quot;seguran&ccedil;a jur&iacute;dica do investidor&quot;.&nbsp; Avalia&ccedil;&otilde;es do pr&oacute;prio minist&eacute;rio e de especialistas apontam &hellip; <a href=\"https:\/\/obscom.intervozes.org.br\/?p=24528\" class=\"more-link\">Continue lendo <span class=\"screen-reader-text\">Minist\u00e9rio da Cultura lan\u00e7a consulta p\u00fablica sobre direitos autorais<\/span> <span class=\"meta-nav\">&rarr;<\/span><\/a><\/p>\n","protected":false},"author":1,"featured_media":0,"comment_status":"open","ping_status":"open","sticky":false,"template":"","format":"standard","meta":{"footnotes":""},"categories":[39],"tags":[],"_links":{"self":[{"href":"https:\/\/obscom.intervozes.org.br\/index.php?rest_route=\/wp\/v2\/posts\/24528"}],"collection":[{"href":"https:\/\/obscom.intervozes.org.br\/index.php?rest_route=\/wp\/v2\/posts"}],"about":[{"href":"https:\/\/obscom.intervozes.org.br\/index.php?rest_route=\/wp\/v2\/types\/post"}],"author":[{"embeddable":true,"href":"https:\/\/obscom.intervozes.org.br\/index.php?rest_route=\/wp\/v2\/users\/1"}],"replies":[{"embeddable":true,"href":"https:\/\/obscom.intervozes.org.br\/index.php?rest_route=%2Fwp%2Fv2%2Fcomments&post=24528"}],"version-history":[{"count":0,"href":"https:\/\/obscom.intervozes.org.br\/index.php?rest_route=\/wp\/v2\/posts\/24528\/revisions"}],"wp:attachment":[{"href":"https:\/\/obscom.intervozes.org.br\/index.php?rest_route=%2Fwp%2Fv2%2Fmedia&parent=24528"}],"wp:term":[{"taxonomy":"category","embeddable":true,"href":"https:\/\/obscom.intervozes.org.br\/index.php?rest_route=%2Fwp%2Fv2%2Fcategories&post=24528"},{"taxonomy":"post_tag","embeddable":true,"href":"https:\/\/obscom.intervozes.org.br\/index.php?rest_route=%2Fwp%2Fv2%2Ftags&post=24528"}],"curies":[{"name":"wp","href":"https:\/\/api.w.org\/{rel}","templated":true}]}}