{"id":24526,"date":"2010-06-11T17:44:20","date_gmt":"2010-06-11T17:44:20","guid":{"rendered":"https:\/\/obscom.intervozes.org.br\/wordpress\/?p=24526"},"modified":"2010-06-11T17:44:20","modified_gmt":"2010-06-11T17:44:20","slug":"governo-ja-mostrou-interesse-em-incentivos-a-internet-movel-diz-vivo","status":"publish","type":"post","link":"https:\/\/obscom.intervozes.org.br\/?p=24526","title":{"rendered":"Governo j\u00e1 mostrou interesse em incentivos \u00e0 internet m\u00f3vel, diz Vivo"},"content":{"rendered":"<p>   \t \t \t \t \t<!-- \t\t@page { margin: 2cm } \t\tP { margin-bottom: 0.21cm } \t--> \t  <\/p>\n<p style=\"margin-bottom: 0cm\" class=\"padrao\">A Vivo est&aacute; em processo de negocia&ccedil;&atilde;o com o governo de um plano de incentivos &agrave; internet m&oacute;vel. Segundo o presidente da empresa, Roberto Lima, autoridades governamentais j&aacute; afirmaram interesse em rever a carga tribut&aacute;ria que incide sobre os servi&ccedil;os do segmento.<\/p>\n<p>&quot;Estamos lan&ccedil;ando o plano, na confian&ccedil;a de que o governo, atrav&eacute;s da Ag&ecirc;ncia Nacional de Telecomunica&ccedil;&otilde;es (Anatel), vai continuar incentivando o setor&quot;, afirmou o executivo, citando o plano lan&ccedil;ado hoje pela empresa, que pretende expandir a cobertura 3G para mais 2.232 cidades em 18 meses.<\/p>\n<p>Lima enfatizou que, hoje, os impostos incidentes nos servi&ccedil;os de comunica&ccedil;&otilde;es m&oacute;veis brasileiros chegam a 44%, taxa na qual est&atilde;o inclu&iacute;dos o ICMS e o PIS\/Cofins. A ideia do setor &eacute; negociar uma redu&ccedil;&atilde;o do ICMS que, por ser estadual, teria um apelo nos estados onde h&aacute; maior necessidade de expans&atilde;o nas telecomunica&ccedil;&otilde;es. &quot;Os impostos t&ecirc;m que ser adaptados, principalmente nestes locais&quot;, destacou o executivo.<\/p>\n<p>Com os impostos, Lima justificou os pre&ccedil;os do servi&ccedil;o de internet de terceira gera&ccedil;&atilde;o oferecido pela Vivo no seu plano de expans&atilde;o da rede, que tem foco nas cidades menores e menos desenvolvidas. No primeiro m&ecirc;s (em promo&ccedil;&atilde;o), o cliente paga R$ 29,95 pela quantidade de dados trafegados equivalente a 250 MB. A partir do segundo m&ecirc;s, no entanto, o pre&ccedil;o do servi&ccedil;o sobe para R$ 59,00.<\/p>\n<p>Sem detalhar o montante aplicado no projeto, o executivo afirmou apenas que os recursos j&aacute; est&atilde;o previstos no plano de R$ 2,49 bilh&otilde;es anunciados pela empresa para este ano. <\/p>\n<p>Sobre a atual disputa pela participa&ccedil;&atilde;o na Vivo entre a Portugal Telecom e a Telef&ocirc;nica, o executivo evitou entrar em detalhes, afirmando apenas que a &quot;vida &eacute; normal dentro da empresa&quot;, ou seja, que as opera&ccedil;&otilde;es da Vivo n&atilde;o est&atilde;o sendo influenciadas por esta quest&atilde;o.<\/p>\n","protected":false},"excerpt":{"rendered":"<p>A Vivo est&aacute; em processo de negocia&ccedil;&atilde;o com o governo de um plano de incentivos &agrave; internet m&oacute;vel. Segundo o presidente da empresa, Roberto Lima, autoridades governamentais j&aacute; afirmaram interesse em rever a carga tribut&aacute;ria que incide sobre os servi&ccedil;os do segmento. &quot;Estamos lan&ccedil;ando o plano, na confian&ccedil;a de que o governo, atrav&eacute;s da Ag&ecirc;ncia &hellip; <a href=\"https:\/\/obscom.intervozes.org.br\/?p=24526\" class=\"more-link\">Continue lendo <span class=\"screen-reader-text\">Governo j\u00e1 mostrou interesse em incentivos \u00e0 internet m\u00f3vel, diz Vivo<\/span> <span class=\"meta-nav\">&rarr;<\/span><\/a><\/p>\n","protected":false},"author":1,"featured_media":0,"comment_status":"open","ping_status":"open","sticky":false,"template":"","format":"standard","meta":{"footnotes":""},"categories":[40],"tags":[545],"_links":{"self":[{"href":"https:\/\/obscom.intervozes.org.br\/index.php?rest_route=\/wp\/v2\/posts\/24526"}],"collection":[{"href":"https:\/\/obscom.intervozes.org.br\/index.php?rest_route=\/wp\/v2\/posts"}],"about":[{"href":"https:\/\/obscom.intervozes.org.br\/index.php?rest_route=\/wp\/v2\/types\/post"}],"author":[{"embeddable":true,"href":"https:\/\/obscom.intervozes.org.br\/index.php?rest_route=\/wp\/v2\/users\/1"}],"replies":[{"embeddable":true,"href":"https:\/\/obscom.intervozes.org.br\/index.php?rest_route=%2Fwp%2Fv2%2Fcomments&post=24526"}],"version-history":[{"count":0,"href":"https:\/\/obscom.intervozes.org.br\/index.php?rest_route=\/wp\/v2\/posts\/24526\/revisions"}],"wp:attachment":[{"href":"https:\/\/obscom.intervozes.org.br\/index.php?rest_route=%2Fwp%2Fv2%2Fmedia&parent=24526"}],"wp:term":[{"taxonomy":"category","embeddable":true,"href":"https:\/\/obscom.intervozes.org.br\/index.php?rest_route=%2Fwp%2Fv2%2Fcategories&post=24526"},{"taxonomy":"post_tag","embeddable":true,"href":"https:\/\/obscom.intervozes.org.br\/index.php?rest_route=%2Fwp%2Fv2%2Ftags&post=24526"}],"curies":[{"name":"wp","href":"https:\/\/api.w.org\/{rel}","templated":true}]}}