{"id":24525,"date":"2010-06-11T17:37:42","date_gmt":"2010-06-11T17:37:42","guid":{"rendered":"https:\/\/obscom.intervozes.org.br\/wordpress\/?p=24525"},"modified":"2010-06-11T17:37:42","modified_gmt":"2010-06-11T17:37:42","slug":"telebrasil-disse-que-reativacao-da-telebras-foi-rejeitada-na-confecom","status":"publish","type":"post","link":"https:\/\/obscom.intervozes.org.br\/?p=24525","title":{"rendered":"Telebrasil disse que reativa\u00e7\u00e3o da Telebr\u00e1s foi rejeitada na Confecom"},"content":{"rendered":"<p>   \t \t \t \t \t<!-- \t\t@page { margin: 2cm } \t\tP { margin-bottom: 0.21cm } \t--> \t  <\/p>\n<p style=\"margin-bottom: 0cm\" class=\"padrao\">O superintendente-executivo da Telebrasil (Associa&ccedil;&atilde;o Brasileira de Telecomunica&ccedil;&otilde;es), Cesar R&ocirc;mulo, ressaltou hoje, na audi&ecirc;ncia p&uacute;blica que debateu os resultados da 1&ordf; Confer&ecirc;ncia Nacional das Comunica&ccedil;&otilde;es (Confecom), a import&acirc;ncia da participa&ccedil;&atilde;o do setor empresarial no evento, mas reclamou que uma das propostas rejeitadas acabou sendo implementada pelo governo. &ldquo;O fortalecimento da Telebr&aacute;s para se transformar em fornecedora de servi&ccedil;os de telecomunica&ccedil;&otilde;es foi rejeitado na plen&aacute;ria da confer&ecirc;ncia, mas fomos surpreendidos com a edi&ccedil;&atilde;o do decreto que estabeleceu exatamente isso&rdquo;, reclamou.<\/p>\n<p>J&aacute; a representante do F&oacute;rum Nacional para Democratiza&ccedil;&atilde;o das Comunica&ccedil;&otilde;es (FNDC), Rosely Goffman, rebateu que a proposta sobre a Telebr&aacute;s somente foi rejeitada porque os empres&aacute;rios solicitaram o regime de &ldquo;tema sens&iacute;vel&rdquo; para a vota&ccedil;&atilde;o. Com isso, a aprova&ccedil;&atilde;o teria que contar com os votos de 60% mais um dos delegados, em vez de metade mais um, o que quase inviabilizou qualquer aprova&ccedil;&atilde;o nesse regime. Ele avalia que outras propostas rejeitadas sob o mesmo regime podem ser recuperadas. &ldquo;Os movimentos sociais perderam essa vota&ccedil;&atilde;o, mas o governo&nbsp; entendeu que precisa dar andamento &agrave;s pol&iacute;ticas p&uacute;blicas&rdquo;, disse.<\/p>\n<p>O diretor da Abra (Associa&ccedil;&atilde;o Brasileira de Radiodifusores) , Kalleb Adib, disse que apesar dos conflitos de interesse, a Confecom produziu resultados substanciais. Ele defendeu a implanta&ccedil;&atilde;o da proposta que pede a cria&ccedil;&atilde;o de um instituto de pesquisa de audi&ecirc;ncia independente, com a participa&ccedil;&atilde;o de v&aacute;rios setores, de forma a dar transpar&ecirc;ncia ao alcance dos ve&iacute;culos, o que traria mais recursos para a produ&ccedil;&atilde;o de conte&uacute;dos regionais e nacionais de qualidade.<\/p>\n<p>J&aacute; a coordenadora do Coletivo Intervozes, Carolina Ribeiro, disse que a Confecom mostrou que &eacute; poss&iacute;vel o di&aacute;logo entre setores que pensam diferente e que isso resultou na rejei&ccedil;&atilde;o pequena de propostas. Ele informou que os movimentos sociais v&atilde;o se reunir no dia 1&ordm; de julho para escolher 20, entre as 641 propostas aprovadas na confer&ecirc;ncia, para servir como pauta de reivindica&ccedil;&atilde;o do setor para ainda este ano. &ldquo;&Eacute; preciso priorizar as a&ccedil;&otilde;es&rdquo;, disse.<\/p>\n<p>O coordenador-executivo da Abra&ccedil;o (Associa&ccedil;&atilde;o Brasileira de R&aacute;dios Comunit&aacute;rias), Jos&eacute; Soter, defendeu a elabora&ccedil;&atilde;o de uma lei geral para a rediodifus&atilde;o e n&atilde;o uma espec&iacute;fica para o setor que representa. &ldquo;Dessa forma, continuaremos no guetto e considerados com estorvo&rdquo;, disse.<\/p>\n<p>Ainda falaram na audi&ecirc;ncia p&uacute;blica o presidente da&nbsp; ABCcom (Associa&ccedil;&atilde;o Brasileira de Canais Comunit&aacute;rios), Edivaldo Farias, que defendeu a participa&ccedil;&atilde;o dos canais de televis&atilde;o comunit&aacute;ria na rede p&uacute;blica de comunica&ccedil;&atilde;o, juntamente com a EBC; e o coordenador da Fitert (Federa&ccedil;&atilde;o Interestadual dos Trabalhadores em Radiodifus&atilde;o e Televis&atilde;o, Nascimento Silva, que pediu a vota&ccedil;&atilde;o, pela C&acirc;mara, do projeto de lei que instituir&aacute; a carteira nacional de radialista.<\/p>\n","protected":false},"excerpt":{"rendered":"<p>O superintendente-executivo da Telebrasil (Associa&ccedil;&atilde;o Brasileira de Telecomunica&ccedil;&otilde;es), Cesar R&ocirc;mulo, ressaltou hoje, na audi&ecirc;ncia p&uacute;blica que debateu os resultados da 1&ordf; Confer&ecirc;ncia Nacional das Comunica&ccedil;&otilde;es (Confecom), a import&acirc;ncia da participa&ccedil;&atilde;o do setor empresarial no evento, mas reclamou que uma das propostas rejeitadas acabou sendo implementada pelo governo. &ldquo;O fortalecimento da Telebr&aacute;s para se transformar em &hellip; <a href=\"https:\/\/obscom.intervozes.org.br\/?p=24525\" class=\"more-link\">Continue lendo <span class=\"screen-reader-text\">Telebrasil disse que reativa\u00e7\u00e3o da Telebr\u00e1s foi rejeitada na Confecom<\/span> <span class=\"meta-nav\">&rarr;<\/span><\/a><\/p>\n","protected":false},"author":1,"featured_media":0,"comment_status":"open","ping_status":"open","sticky":false,"template":"","format":"standard","meta":{"footnotes":""},"categories":[40],"tags":[1123],"_links":{"self":[{"href":"https:\/\/obscom.intervozes.org.br\/index.php?rest_route=\/wp\/v2\/posts\/24525"}],"collection":[{"href":"https:\/\/obscom.intervozes.org.br\/index.php?rest_route=\/wp\/v2\/posts"}],"about":[{"href":"https:\/\/obscom.intervozes.org.br\/index.php?rest_route=\/wp\/v2\/types\/post"}],"author":[{"embeddable":true,"href":"https:\/\/obscom.intervozes.org.br\/index.php?rest_route=\/wp\/v2\/users\/1"}],"replies":[{"embeddable":true,"href":"https:\/\/obscom.intervozes.org.br\/index.php?rest_route=%2Fwp%2Fv2%2Fcomments&post=24525"}],"version-history":[{"count":0,"href":"https:\/\/obscom.intervozes.org.br\/index.php?rest_route=\/wp\/v2\/posts\/24525\/revisions"}],"wp:attachment":[{"href":"https:\/\/obscom.intervozes.org.br\/index.php?rest_route=%2Fwp%2Fv2%2Fmedia&parent=24525"}],"wp:term":[{"taxonomy":"category","embeddable":true,"href":"https:\/\/obscom.intervozes.org.br\/index.php?rest_route=%2Fwp%2Fv2%2Fcategories&post=24525"},{"taxonomy":"post_tag","embeddable":true,"href":"https:\/\/obscom.intervozes.org.br\/index.php?rest_route=%2Fwp%2Fv2%2Ftags&post=24525"}],"curies":[{"name":"wp","href":"https:\/\/api.w.org\/{rel}","templated":true}]}}