{"id":24524,"date":"2010-06-11T17:33:49","date_gmt":"2010-06-11T17:33:49","guid":{"rendered":"https:\/\/obscom.intervozes.org.br\/wordpress\/?p=24524"},"modified":"2010-06-11T17:33:49","modified_gmt":"2010-06-11T17:33:49","slug":"debate-sobre-confecom-reacende-polemica-sobre-reativacao-da-telebras","status":"publish","type":"post","link":"https:\/\/obscom.intervozes.org.br\/?p=24524","title":{"rendered":"Debate sobre Confecom reacende pol\u00eamica sobre reativa\u00e7\u00e3o da Telebr\u00e1s"},"content":{"rendered":"<p>   \t \t \t \t \t<!-- \t\t@page { margin: 2cm } \t\tP { margin-bottom: 0.21cm } \t--> \t  <\/p>\n<p style=\"margin-bottom: 0cm\" class=\"padrao\">Enquanto o governo federal tenta colocar de p&eacute; sua pol&iacute;tica p&uacute;blica de massifica&ccedil;&atilde;o da banda larga no pa&iacute;s, qualquer situa&ccedil;&atilde;o tem virado mote para que as concession&aacute;rias critiquem, mesmo que veladamente, a revitaliza&ccedil;&atilde;o da Telebr&aacute;s. Um exemplo foi dado nesta quinta-feira, 10, durante audi&ecirc;ncia na Comiss&atilde;o de Ci&ecirc;ncia e Tecnologia, Comunica&ccedil;&atilde;o e Inform&aacute;tica (CCTCI) da C&acirc;mara dos Deputados. O tema da audi&ecirc;ncia era a implanta&ccedil;&atilde;o das pautas consensuadas na 1&ordf; Confer&ecirc;ncia Nacional de Comunica&ccedil;&atilde;o (Confecom). Mas as teles aproveitaram a ocasi&atilde;o para reiterar as cr&iacute;ticas contra o uso da Telebr&aacute;s no Plano Nacional de Banda Larga (PNBL). <\/p>\n<p>O superintendente-executivo da Telebrasil, C&eacute;sar R&ocirc;mulo Silveira Neto, lembrou que uma das pautas da Confecom era o uso do Fundo de Universaliza&ccedil;&atilde;o dos Servi&ccedil;os de Telecomunica&ccedil;&otilde;es (Fust) para a viabiliza&ccedil;&atilde;o da Telebr&aacute;s como gestora do programa de massifica&ccedil;&atilde;o de banda larga. &quot;E essa proposta foi rejeitada pela Plen&aacute;ria da Confecom&quot;, rememorou Silveira Neto. <\/p>\n<p>A declara&ccedil;&atilde;o sugere sutilmente que o governo federal teria dado sequ&ecirc;ncia &agrave; implanta&ccedil;&atilde;o do PNBL mesmo sendo esta uma ideia rejeitada pelos participantes da Confecom. O representante da Telebrasil chegou a dizer depois que o setor foi surpreendido pelo decreto criando o PNBL. <\/p>\n<p>A pauta de uso do Fust pela Telebr&aacute;s, de fato, foi rejeitada. Por&eacute;m, outras diversas propostas de cria&ccedil;&atilde;o de uma pol&iacute;tica p&uacute;blica de massifica&ccedil;&atilde;o da banda larga, inclusive com participa&ccedil;&atilde;o direta do Estado, foram aprovadas pelos grupos tem&aacute;ticos. <\/p>\n<p>A coordenadora de Mobiliza&ccedil;&atilde;o da Executiva do F&oacute;rum Nacional pela Democratiza&ccedil;&atilde;o da Comunica&ccedil;&atilde;o (FNDC), Roseli Goffman, lembrou um outro fator crucial para que a pauta em quest&atilde;o tivesse sido rejeitada na Plen&aacute;ria: o &quot;voto sens&iacute;vel&quot;. O estabelecimento desse tipo de voto para temas considerados sens&iacute;veis foi motivo de grande pol&ecirc;mica durante a elabora&ccedil;&atilde;o do regimento da confer&ecirc;ncia. <\/p>\n<p>A regra era que qualquer um dos setores representados na Confecom &#8211; governo, empresas e sociedade civil &#8211; podiam pedir uma vota&ccedil;&atilde;o sens&iacute;vel, o que automaticamente exigiria qu&oacute;rum qualificado de votantes para a aprova&ccedil;&atilde;o da proposta, ou seja, 60% de apoio. Al&eacute;m disso, a proposta s&oacute; poderia ser aprovada se houvesse ao menos um voto favor&aacute;vel de cada um dos setores, mesmo que o n&uacute;mero de apoiadores superasse os 60%. <\/p>\n<p>Essa regra dificultou a aprova&ccedil;&atilde;o de temas onde foi solicitado &quot;voto sens&iacute;vel&quot;. E o uso do Fust pela Telebr&aacute;s foi um deles. Pautas de interesse das teles tamb&eacute;m foram rejeitadas usando o mesmo m&eacute;todo. Foi o caso das propostas de redu&ccedil;&atilde;o da carga tribut&aacute;ria do setor, rejeitadas por conta da falta de apoio das entidades representativas da sociedade civil.&nbsp;&nbsp;<\/p>\n","protected":false},"excerpt":{"rendered":"<p>Enquanto o governo federal tenta colocar de p&eacute; sua pol&iacute;tica p&uacute;blica de massifica&ccedil;&atilde;o da banda larga no pa&iacute;s, qualquer situa&ccedil;&atilde;o tem virado mote para que as concession&aacute;rias critiquem, mesmo que veladamente, a revitaliza&ccedil;&atilde;o da Telebr&aacute;s. Um exemplo foi dado nesta quinta-feira, 10, durante audi&ecirc;ncia na Comiss&atilde;o de Ci&ecirc;ncia e Tecnologia, Comunica&ccedil;&atilde;o e Inform&aacute;tica (CCTCI) da &hellip; <a href=\"https:\/\/obscom.intervozes.org.br\/?p=24524\" class=\"more-link\">Continue lendo <span class=\"screen-reader-text\">Debate sobre Confecom reacende pol\u00eamica sobre reativa\u00e7\u00e3o da Telebr\u00e1s<\/span> <span class=\"meta-nav\">&rarr;<\/span><\/a><\/p>\n","protected":false},"author":1,"featured_media":0,"comment_status":"open","ping_status":"open","sticky":false,"template":"","format":"standard","meta":{"footnotes":""},"categories":[40],"tags":[1123],"_links":{"self":[{"href":"https:\/\/obscom.intervozes.org.br\/index.php?rest_route=\/wp\/v2\/posts\/24524"}],"collection":[{"href":"https:\/\/obscom.intervozes.org.br\/index.php?rest_route=\/wp\/v2\/posts"}],"about":[{"href":"https:\/\/obscom.intervozes.org.br\/index.php?rest_route=\/wp\/v2\/types\/post"}],"author":[{"embeddable":true,"href":"https:\/\/obscom.intervozes.org.br\/index.php?rest_route=\/wp\/v2\/users\/1"}],"replies":[{"embeddable":true,"href":"https:\/\/obscom.intervozes.org.br\/index.php?rest_route=%2Fwp%2Fv2%2Fcomments&post=24524"}],"version-history":[{"count":0,"href":"https:\/\/obscom.intervozes.org.br\/index.php?rest_route=\/wp\/v2\/posts\/24524\/revisions"}],"wp:attachment":[{"href":"https:\/\/obscom.intervozes.org.br\/index.php?rest_route=%2Fwp%2Fv2%2Fmedia&parent=24524"}],"wp:term":[{"taxonomy":"category","embeddable":true,"href":"https:\/\/obscom.intervozes.org.br\/index.php?rest_route=%2Fwp%2Fv2%2Fcategories&post=24524"},{"taxonomy":"post_tag","embeddable":true,"href":"https:\/\/obscom.intervozes.org.br\/index.php?rest_route=%2Fwp%2Fv2%2Ftags&post=24524"}],"curies":[{"name":"wp","href":"https:\/\/api.w.org\/{rel}","templated":true}]}}