{"id":24523,"date":"2010-06-11T17:32:51","date_gmt":"2010-06-11T17:32:51","guid":{"rendered":"https:\/\/obscom.intervozes.org.br\/wordpress\/?p=24523"},"modified":"2010-06-11T17:32:51","modified_gmt":"2010-06-11T17:32:51","slug":"governo-vai-usar-propostas-da-confecom-para-propor-alteracoes-nas-leis-das-comunicacoes","status":"publish","type":"post","link":"https:\/\/obscom.intervozes.org.br\/?p=24523","title":{"rendered":"Governo vai usar propostas da Confecom para propor altera\u00e7\u00f5es nas leis das comunica\u00e7\u00f5es"},"content":{"rendered":"<p>   \t \t \t \t \t<!-- \t\t@page { margin: 2cm } \t\tP { margin-bottom: 0.21cm } \t--> \t  <\/p>\n<p style=\"margin-bottom: 0cm\" class=\"padrao\">O ministro-chefe da Secretaria de Comunica&ccedil;&atilde;o Social da Presid&ecirc;ncia da Rep&uacute;blica, Franklin Martins, disse nesta quinta-feira (10) que o governo est&aacute; examinando as 641 propostas aprovadas na 1&ordf; Confer&ecirc;ncia Nacional de Comunica&ccedil;&atilde;o (Confecom), para aferir a necessidade de elabora&ccedil;&atilde;o de projetos de leis para enviar ao Congresso Nacional. &ldquo;O governo ficou extremamente satisfeito com o resultado da confer&ecirc;ncia, mas isso n&atilde;o quer dizer que concorde com todas as propostas aprovadas&rdquo;, disse.<\/p>\n<p>Martins defendeu a necessidade da indica&ccedil;&atilde;o dos integrantes do Conselho de Comunica&ccedil;&atilde;o Social do Congresso, que est&aacute; desativado desde 2004, como uma forma de apressar as mudan&ccedil;as no marco regulat&oacute;rio das comunica&ccedil;&otilde;es. &ldquo;N&atilde;o podemos ficar mais cinco ou 10 anos sem a moderniza&ccedil;&atilde;o das normas do setor&rdquo;, disse. Caso n&atilde;o haja mudan&ccedil;a, avalia, vencer&aacute; o setor de maior poder econ&ocirc;mico, que &eacute; o das empresas de telecomunica&ccedil;&otilde;es. &ldquo;O modelo atual, de produ&ccedil;&atilde;o centralizada de not&iacute;cias para uma massa de consumidores passiva, que surgiu desde o s&eacute;culo 18, acabou&rdquo;, sentenciou.<\/p>\n<p>Para o ministro, que participou da audi&ecirc;ncia p&uacute;blica promovida pela Comiss&atilde;o de Ci&ecirc;ncia e Tecnologia da C&acirc;mara sobre a implanta&ccedil;&atilde;o das propostas aprovadas na 1&ordf; Confecom, realizada em dezembro do ano passado, a participa&ccedil;&atilde;o da sociedade civil organizada, especialmente os representantes dos empres&aacute;rios, foi preponderante para o sucesso do evento. Ele lamentou a aus&ecirc;ncia de parte dos empres&aacute;rios, liderados pelos representantes da Globo e dos donos de jornais, que ainda n&atilde;o aceitam debater as novas realidades do setor.<\/p>\n<p><strong>Resultados<\/strong><\/p>\n<p>O procurador da Anatel, Marcelo Bechara, que presidiu a 1&ordf; Confecom quando ainda ocupava a consultoria jur&iacute;dica do Minist&eacute;rio das Comunica&ccedil;&otilde;es, disse que algumas das propostas aprovadas na confer&ecirc;ncia j&aacute; est&atilde;o encaminhadas. Ele citou o decreto que estendeu para as TVs educativas a possibilidade de veicularem publicidade institucional, que j&aacute; valia para EBC (Empresa Brasileira de Comunica&ccedil;&atilde;o); a proposta do marco civil da internet, que est&aacute; sendo debatido sob a coordena&ccedil;&atilde;o do Minist&eacute;rio da Justi&ccedil;a; a reabertura das delegacias regionais do Minicom.<\/p>\n<p>Bechara destacou ainda o lan&ccedil;amento do Plano Nacional de Banda Larga (PNBL) como o atendimento de parte significativa das propostas aprovadas na confer&ecirc;ncia. Assim como o fim das restri&ccedil;&otilde;es para a outorga de licen&ccedil;as de TV por assinatura por meio de cabo, aprovada recentemente pela Anatel, que&nbsp; tamb&eacute;m atende outras tantas propostas aprovadas.<\/p>\n<p>O secret&aacute;rio de Audiovisual do Minist&eacute;rio da Cultura, Newton Canito, louvou a converg&ecirc;ncia de pessoas e de interesses, promovida pela Confecom.&nbsp; &ldquo;Sem isso a converg&ecirc;ncia tecnol&oacute;gica n&atilde;o vai acontecer&rdquo;, disse. Ele defendeu a ado&ccedil;&atilde;o de mecanismos para democratiza&ccedil;&atilde;o da publicidade na radiodifus&atilde;o, como forma de viabilizar a produ&ccedil;&atilde;o regional de conte&uacute;do. Ele acha que esse &eacute; o caminho para a TV reconquistar o p&uacute;blico que vem perdendo.<\/p>\n<p>O assessor especial da Casa Civil, Andr&eacute; Barbosa, por sua vez, defendeu a&nbsp; aprova&ccedil;&atilde;o do projeto de lei sobre r&aacute;dio comunit&aacute;ria, que est&aacute; na C&acirc;mara desde 2004, e ressaltou a import&acirc;ncia da TV digital interativa no processo de inclus&atilde;o digital. Mas disse que, para isso, &eacute; preciso que o pa&iacute;s possa formar profissionais capazes de produzir conte&uacute;dos para multiplataformas. &ldquo;Sem isso, n&atilde;o conseguiremos abiscoitar o mercado mundial que estamos abrindo com a dissemina&ccedil;&atilde;o do sistema digital de televis&atilde;o que o Brasil adotou do Jap&atilde;o e aprimorou com o ginga&rdquo;, disse.<\/p>\n","protected":false},"excerpt":{"rendered":"<p>O ministro-chefe da Secretaria de Comunica&ccedil;&atilde;o Social da Presid&ecirc;ncia da Rep&uacute;blica, Franklin Martins, disse nesta quinta-feira (10) que o governo est&aacute; examinando as 641 propostas aprovadas na 1&ordf; Confer&ecirc;ncia Nacional de Comunica&ccedil;&atilde;o (Confecom), para aferir a necessidade de elabora&ccedil;&atilde;o de projetos de leis para enviar ao Congresso Nacional. &ldquo;O governo ficou extremamente satisfeito com o &hellip; <a href=\"https:\/\/obscom.intervozes.org.br\/?p=24523\" class=\"more-link\">Continue lendo <span class=\"screen-reader-text\">Governo vai usar propostas da Confecom para propor altera\u00e7\u00f5es nas leis das comunica\u00e7\u00f5es<\/span> <span class=\"meta-nav\">&rarr;<\/span><\/a><\/p>\n","protected":false},"author":1,"featured_media":0,"comment_status":"open","ping_status":"open","sticky":false,"template":"","format":"standard","meta":{"footnotes":""},"categories":[40],"tags":[1217],"_links":{"self":[{"href":"https:\/\/obscom.intervozes.org.br\/index.php?rest_route=\/wp\/v2\/posts\/24523"}],"collection":[{"href":"https:\/\/obscom.intervozes.org.br\/index.php?rest_route=\/wp\/v2\/posts"}],"about":[{"href":"https:\/\/obscom.intervozes.org.br\/index.php?rest_route=\/wp\/v2\/types\/post"}],"author":[{"embeddable":true,"href":"https:\/\/obscom.intervozes.org.br\/index.php?rest_route=\/wp\/v2\/users\/1"}],"replies":[{"embeddable":true,"href":"https:\/\/obscom.intervozes.org.br\/index.php?rest_route=%2Fwp%2Fv2%2Fcomments&post=24523"}],"version-history":[{"count":0,"href":"https:\/\/obscom.intervozes.org.br\/index.php?rest_route=\/wp\/v2\/posts\/24523\/revisions"}],"wp:attachment":[{"href":"https:\/\/obscom.intervozes.org.br\/index.php?rest_route=%2Fwp%2Fv2%2Fmedia&parent=24523"}],"wp:term":[{"taxonomy":"category","embeddable":true,"href":"https:\/\/obscom.intervozes.org.br\/index.php?rest_route=%2Fwp%2Fv2%2Fcategories&post=24523"},{"taxonomy":"post_tag","embeddable":true,"href":"https:\/\/obscom.intervozes.org.br\/index.php?rest_route=%2Fwp%2Fv2%2Ftags&post=24523"}],"curies":[{"name":"wp","href":"https:\/\/api.w.org\/{rel}","templated":true}]}}