{"id":24522,"date":"2010-06-11T17:29:46","date_gmt":"2010-06-11T17:29:46","guid":{"rendered":"https:\/\/obscom.intervozes.org.br\/wordpress\/?p=24522"},"modified":"2010-06-11T17:29:46","modified_gmt":"2010-06-11T17:29:46","slug":"governo-vai-recomendar-mudancas-nas-leis-de-comunicacao-afirma-ministro","status":"publish","type":"post","link":"https:\/\/obscom.intervozes.org.br\/?p=24522","title":{"rendered":"Governo vai recomendar mudan\u00e7as nas leis de comunica\u00e7\u00e3o, afirma ministro"},"content":{"rendered":"<p>   \t \t \t \t \t<!-- \t\t@page { margin: 2cm } \t\tP { margin-bottom: 0.21cm } \t--> \t  <\/p>\n<p style=\"margin-bottom: 0cm\" class=\"padrao\">O ministro-chefe da Secretaria de Comunica&ccedil;&atilde;o Social da Presid&ecirc;ncia da Rep&uacute;blica, Franklin Martins, afirmou nesta quinta-feira que o governo j&aacute; come&ccedil;ou a examinar as 672 sugest&otilde;es aprovadas na 1&ordf; Confer&ecirc;ncia Nacional de Comunica&ccedil;&atilde;o (Confecom) para identificar quais exigem mudan&ccedil;as no marco legal da &aacute;rea. Ap&oacute;s essa an&aacute;lise, o governo vai encaminhar recomenda&ccedil;&otilde;es ao Congresso.<\/p>\n<p>Martins participou de audi&ecirc;ncia p&uacute;blica da Comiss&atilde;o de Ci&ecirc;ncia e Tecnologia, Comunica&ccedil;&atilde;o e Inform&aacute;tica, para debater a implementa&ccedil;&atilde;o das propostas aprovadas na 1&ordf; Confecom, realizada em dezembro do ano passado.<\/p>\n<p>O ministro ressaltou que um grande n&uacute;mero de propostas pede a regulamenta&ccedil;&atilde;o do artigo 221 da Constitui&ccedil;&atilde;o, que estabelece princ&iacute;pios para a comunica&ccedil;&atilde;o eletr&ocirc;nica, como o est&iacute;mulo &agrave; produ&ccedil;&atilde;o de conte&uacute;do independente e a regionaliza&ccedil;&atilde;o da produ&ccedil;&atilde;o. &quot;O Congresso &eacute; o respons&aacute;vel por isso&quot;, disse. O conceito de independente refere-se a conte&uacute;do produzido por empresa diferente da distribuidora.<\/p>\n<p><strong>Televis&atilde;o<\/strong><\/p>\n<p>O assessor especial da Casa Civil da Presid&ecirc;ncia da Rep&uacute;blica, Andr&eacute; Barbosa, informou que o governo apoia o Projeto de Lei 29\/07, que abre o mercado de televis&atilde;o a cabo para as concession&aacute;rias de telefonia fixa e institui cotas de conte&uacute;do nacional e independente na TV por assinatura. O projeto, do deputado Paulo Bornhausen (DEM-SC), foi aprovado pela C&acirc;mara no final de maio e ser&aacute; encaminhado para o Senado.<\/p>\n<p>O procurador-geral da Ag&ecirc;ncia Nacional de Telecomunica&ccedil;&otilde;es (Anatel), Marcelo Bechara, destacou que o governo j&aacute; est&aacute; implementando algumas diretrizes aprovadas na confer&ecirc;ncia. Ele citou o Plano Nacional de Banda Larga, divulgado pelo Poder Executivo em maio, e o marco regulat&oacute;rio civil na internet, que estava em consulta p&uacute;blica na internet at&eacute; 2 de junho. O anteprojeto de lei deve ser encaminhado pelo Executivo ao Congresso ainda neste ano.<\/p>\n<p>A deputada Luiza Erundina (PSB-SP), que prop&ocirc;s a audi&ecirc;ncia, defendeu a instala&ccedil;&atilde;o do Conselho de Comunica&ccedil;&atilde;o Social (CCS) pelo Senado, conforme diretrizes aprovadas na Confecom. Previsto pela Constitui&ccedil;&atilde;o, o CCS n&atilde;o funciona desde 2006 porque a Mesa do Senado n&atilde;o indica seus representantes.<\/p>\n<p>A deputada informou que entrou com representa&ccedil;&atilde;o no Minist&eacute;rio P&uacute;blico solicitando que a Mesa do Senado explique o motivo da n&atilde;o instala&ccedil;&atilde;o do conselho. A deputada defendeu ainda a altera&ccedil;&atilde;o do artigo 54 da Constitui&ccedil;&atilde;o, para que deixe expl&iacute;cito que deputados e senadores n&atilde;o podem ter concess&otilde;es de r&aacute;dio e TV. O artigo lista os cargos e as fun&ccedil;&otilde;es que os parlamentares n&atilde;o podem ocupar.<\/p>\n<p>&Iacute;ntegra da proposta:<br \/>PL-29\/2007<\/p>\n<p><em>Edi&ccedil;&atilde;o &#8211; Daniella Cronemberger<\/em><\/p>\n","protected":false},"excerpt":{"rendered":"<p>O ministro-chefe da Secretaria de Comunica&ccedil;&atilde;o Social da Presid&ecirc;ncia da Rep&uacute;blica, Franklin Martins, afirmou nesta quinta-feira que o governo j&aacute; come&ccedil;ou a examinar as 672 sugest&otilde;es aprovadas na 1&ordf; Confer&ecirc;ncia Nacional de Comunica&ccedil;&atilde;o (Confecom) para identificar quais exigem mudan&ccedil;as no marco legal da &aacute;rea. Ap&oacute;s essa an&aacute;lise, o governo vai encaminhar recomenda&ccedil;&otilde;es ao Congresso. Martins &hellip; <a href=\"https:\/\/obscom.intervozes.org.br\/?p=24522\" class=\"more-link\">Continue lendo <span class=\"screen-reader-text\">Governo vai recomendar mudan\u00e7as nas leis de comunica\u00e7\u00e3o, afirma ministro<\/span> <span class=\"meta-nav\">&rarr;<\/span><\/a><\/p>\n","protected":false},"author":1,"featured_media":0,"comment_status":"open","ping_status":"open","sticky":false,"template":"","format":"standard","meta":{"footnotes":""},"categories":[40],"tags":[1217],"_links":{"self":[{"href":"https:\/\/obscom.intervozes.org.br\/index.php?rest_route=\/wp\/v2\/posts\/24522"}],"collection":[{"href":"https:\/\/obscom.intervozes.org.br\/index.php?rest_route=\/wp\/v2\/posts"}],"about":[{"href":"https:\/\/obscom.intervozes.org.br\/index.php?rest_route=\/wp\/v2\/types\/post"}],"author":[{"embeddable":true,"href":"https:\/\/obscom.intervozes.org.br\/index.php?rest_route=\/wp\/v2\/users\/1"}],"replies":[{"embeddable":true,"href":"https:\/\/obscom.intervozes.org.br\/index.php?rest_route=%2Fwp%2Fv2%2Fcomments&post=24522"}],"version-history":[{"count":0,"href":"https:\/\/obscom.intervozes.org.br\/index.php?rest_route=\/wp\/v2\/posts\/24522\/revisions"}],"wp:attachment":[{"href":"https:\/\/obscom.intervozes.org.br\/index.php?rest_route=%2Fwp%2Fv2%2Fmedia&parent=24522"}],"wp:term":[{"taxonomy":"category","embeddable":true,"href":"https:\/\/obscom.intervozes.org.br\/index.php?rest_route=%2Fwp%2Fv2%2Fcategories&post=24522"},{"taxonomy":"post_tag","embeddable":true,"href":"https:\/\/obscom.intervozes.org.br\/index.php?rest_route=%2Fwp%2Fv2%2Ftags&post=24522"}],"curies":[{"name":"wp","href":"https:\/\/api.w.org\/{rel}","templated":true}]}}