{"id":24521,"date":"2010-06-11T17:24:42","date_gmt":"2010-06-11T17:24:42","guid":{"rendered":"https:\/\/obscom.intervozes.org.br\/wordpress\/?p=24521"},"modified":"2010-06-11T17:24:42","modified_gmt":"2010-06-11T17:24:42","slug":"cota-para-conteudo-nacional-nas-tvs-por-assinatura-e-questao-de-interesse-publico-diz-casa-civil","status":"publish","type":"post","link":"https:\/\/obscom.intervozes.org.br\/?p=24521","title":{"rendered":"Cota para conte\u00fado nacional nas TVs por assinatura \u00e9 quest\u00e3o de interesse p\u00fablico, diz Casa Civil"},"content":{"rendered":"<p>   \t \t \t \t \t<!-- \t\t@page { margin: 2cm } \t\tP { margin-bottom: 0.21cm } \t--> \t  <\/p>\n<p style=\"margin-bottom: 0cm\" class=\"padrao\">Bras&iacute;lia &#8211; Definir cotas de conte&uacute;do nacional para os canais de TV por assinatura &eacute; uma estrat&eacute;gia j&aacute; utilizada pelos Estados Unidos e por diversos pa&iacute;ses europeus, com o objetivo de estimular a produ&ccedil;&atilde;o audiovisual local e independente. Na opini&atilde;o do assessor especial da Casa Civil da Presid&ecirc;ncia da Rep&uacute;blica, Andr&eacute; Barbosa, este &eacute; o caminho que o Brasil deve adotar.<\/p>\n<p>&ldquo;Isso n&atilde;o &eacute; interfer&ecirc;ncia. &Eacute; a constru&ccedil;&atilde;o de um audiovisual brasileiro que permitir&aacute; ao pa&iacute;s dar vaz&atilde;o &agrave; sua cultura&rdquo;, disse Barbosa &agrave; Ag&ecirc;ncia Brasil, minutos antes de participar da audi&ecirc;ncia p&uacute;blica na C&acirc;mara dos Deputados, onde debateu a implementa&ccedil;&atilde;o das propostas aprovadas na 1&ordf; Confer&ecirc;ncia Nacional de Comunica&ccedil;&atilde;o (Confecom).<\/p>\n<p>Durante a audi&ecirc;ncia, Barbosa disse &ldquo;deplorar&rdquo; a campanha que est&aacute; sendo veiculada por algumas emissoras contr&aacute;rias aos projetos de lei em tramita&ccedil;&atilde;o no Congresso Nacional que pretendem instituir cotas de conte&uacute;do nacional e independente na TV por assinatura. Segundo ele, h&aacute; demanda do espectador brasileiro por produ&ccedil;&otilde;es nacionais. &ldquo;Tanto os Estados Unidos como alguns pa&iacute;ses europeus j&aacute; fizeram isso. Infelizmente, no Brasil isso &eacute; taxado por interfer&ecirc;ncia&rdquo;, disse.<\/p>\n<p>O ministro chefe da Secretaria de Comunica&ccedil;&atilde;o Social, Franklin Martins, tamb&eacute;m participou da audi&ecirc;ncia. Ele reiterou o apoio do governo &agrave; iniciativa de est&iacute;mulo &agrave; produ&ccedil;&atilde;o de conte&uacute;do independente e &agrave; regionaliza&ccedil;&atilde;o da produ&ccedil;&atilde;o.<\/p>\n<p>Na oportunidade, Franklin Martins argumentou que nenhuma democracia s&oacute;lida confunde marco regulat&oacute;rio, para os setores de telecomunica&ccedil;&otilde;es e de radiodifus&atilde;o, com priva&ccedil;&atilde;o da liberdade de imprensa. O ministro disse que o governo est&aacute; &ldquo;extremamente satisfeito&rdquo; com as propostas aprovadas pela Confecom, em dezembro do ano passado.<\/p>\n<p><em>Edi&ccedil;&atilde;o: Vinicius Doria<\/em><\/p>\n","protected":false},"excerpt":{"rendered":"<p>Bras&iacute;lia &#8211; Definir cotas de conte&uacute;do nacional para os canais de TV por assinatura &eacute; uma estrat&eacute;gia j&aacute; utilizada pelos Estados Unidos e por diversos pa&iacute;ses europeus, com o objetivo de estimular a produ&ccedil;&atilde;o audiovisual local e independente. Na opini&atilde;o do assessor especial da Casa Civil da Presid&ecirc;ncia da Rep&uacute;blica, Andr&eacute; Barbosa, este &eacute; o &hellip; <a href=\"https:\/\/obscom.intervozes.org.br\/?p=24521\" class=\"more-link\">Continue lendo <span class=\"screen-reader-text\">Cota para conte\u00fado nacional nas TVs por assinatura \u00e9 quest\u00e3o de interesse p\u00fablico, diz Casa Civil<\/span> <span class=\"meta-nav\">&rarr;<\/span><\/a><\/p>\n","protected":false},"author":1,"featured_media":0,"comment_status":"open","ping_status":"open","sticky":false,"template":"","format":"standard","meta":{"footnotes":""},"categories":[40],"tags":[556],"_links":{"self":[{"href":"https:\/\/obscom.intervozes.org.br\/index.php?rest_route=\/wp\/v2\/posts\/24521"}],"collection":[{"href":"https:\/\/obscom.intervozes.org.br\/index.php?rest_route=\/wp\/v2\/posts"}],"about":[{"href":"https:\/\/obscom.intervozes.org.br\/index.php?rest_route=\/wp\/v2\/types\/post"}],"author":[{"embeddable":true,"href":"https:\/\/obscom.intervozes.org.br\/index.php?rest_route=\/wp\/v2\/users\/1"}],"replies":[{"embeddable":true,"href":"https:\/\/obscom.intervozes.org.br\/index.php?rest_route=%2Fwp%2Fv2%2Fcomments&post=24521"}],"version-history":[{"count":0,"href":"https:\/\/obscom.intervozes.org.br\/index.php?rest_route=\/wp\/v2\/posts\/24521\/revisions"}],"wp:attachment":[{"href":"https:\/\/obscom.intervozes.org.br\/index.php?rest_route=%2Fwp%2Fv2%2Fmedia&parent=24521"}],"wp:term":[{"taxonomy":"category","embeddable":true,"href":"https:\/\/obscom.intervozes.org.br\/index.php?rest_route=%2Fwp%2Fv2%2Fcategories&post=24521"},{"taxonomy":"post_tag","embeddable":true,"href":"https:\/\/obscom.intervozes.org.br\/index.php?rest_route=%2Fwp%2Fv2%2Ftags&post=24521"}],"curies":[{"name":"wp","href":"https:\/\/api.w.org\/{rel}","templated":true}]}}